{"id":150235,"date":"2022-08-07T13:28:20","date_gmt":"2022-08-07T16:28:20","guid":{"rendered":"http:\/\/centraldeportes.com.ar\/?p=20530"},"modified":"2022-08-07T13:28:20","modified_gmt":"2022-08-07T16:28:20","slug":"luciano-tambucci-otro-olavarriense-en-liga-argentina","status":"publish","type":"post","link":"https:\/\/cdnoticias.com\/index.php\/2022\/08\/07\/luciano-tambucci-otro-olavarriense-en-liga-argentina\/","title":{"rendered":"Luciano Tambucci, otro olavarriense en Liga Argentina"},"content":{"rendered":"<p>En las \u00faltimas horas se confirm\u00f3 la continuidad de Luciano Tambucci en Liga Argentina ya que se confirm\u00f3 que jugar\u00e1 la venidera temporada en Jachal B\u00e1squet.<!--more--><\/p>\n<hr \/>\n<p>Los equipos siguen definiendo sus planteles para la temporada 22\/23 de Liga Argentina y el \u201cExpreso del Norte\u201d sum\u00f3 a un basquetbolista olavarriense.<\/p>\n<p>&nbsp;<\/p>\n<p>Luciano Tambucci tras una temporada de 8,9 pts en 29,5 minutos por encuentro con la camiseta de Independiente de Santiago del Estero fue confirmado por Jachal B\u00e1squet.<\/p>\n<p>&nbsp;<\/p>\n<blockquote class=\"twitter-tweet\" data-width=\"550\" data-dnt=\"true\">\n<p lang=\"es\" dir=\"ltr\">? LIGA ARGENTINA | Tambucci, otras de las caras nuevas. <br \/>Seguimos con el armado de equipo para la pr\u00f3xima <a href=\"https:\/\/twitter.com\/LigaARGbasquet?ref_src=twsrc%5Etfw\">@LigaARGbasquet<\/a> y llega directo desde Olavarr\u00eda, <a href=\"https:\/\/twitter.com\/LTambucci?ref_src=twsrc%5Etfw\">@LTambucci<\/a>. Bienvenido Lucho al expreso del norte. <a href=\"https:\/\/t.co\/SGanfVzWEn\">pic.twitter.com\/SGanfVzWEn<\/a><\/p>\n<p>&mdash; J\u00e1chal Basquetbol (@jachalbasquet) <a href=\"https:\/\/twitter.com\/jachalbasquet\/status\/1556030004802342912?ref_src=twsrc%5Etfw\">August 6, 2022<\/a><\/p><\/blockquote>\n<p><script async src=\"https:\/\/platform.twitter.com\/widgets.js\" charset=\"utf-8\"><\/script><\/p>\n<p>&nbsp;<\/p>\n<p>El equipo sanjuanino sum\u00f3 al ala pivot y as\u00ed se suma a Mat\u00edas Sesto, Mariano Marina, Jeffrey Merchant y Marcos Risso que tambi\u00e9n continuar\u00e1n sus carreras en la segunda categor\u00eda del b\u00e1squet nacional.<\/p>\n","protected":false},"excerpt":{"rendered":"<p>En las \u00faltimas horas se confirm\u00f3 la continuidad de Luciano Tambucci en Liga Argentina ya que se confirm\u00f3 que jugar\u00e1<\/p>\n","protected":false},"author":96739694,"featured_media":145878,"comment_status":"closed","ping_status":"closed","sticky":false,"template":"","format":"standard","meta":{"_jetpack_memberships_contains_paid_content":false,"footnotes":""},"categories":[31,32,1],"tags":[],"class_list":["post-150235","post","type-post","status-publish","format-standard","has-post-thumbnail","hentry","category-basquet","category-liga-argentina","category-portada"],"jetpack_featured_media_url":"https:\/\/i0.wp.com\/cdnoticias.com\/wp-content\/uploads\/2022\/03\/WhatsApp-Image-2022-03-20-at-3.20.28-PM.jpeg?fit=611%2C350&ssl=1","jetpack_sharing_enabled":true,"_links":{"self":[{"href":"https:\/\/cdnoticias.com\/index.php\/wp-json\/wp\/v2\/posts\/150235","targetHints":{"allow":["GET"]}}],"collection":[{"href":"https:\/\/cdnoticias.com\/index.php\/wp-json\/wp\/v2\/posts"}],"about":[{"href":"https:\/\/cdnoticias.com\/index.php\/wp-json\/wp\/v2\/types\/post"}],"author":[{"embeddable":true,"href":"https:\/\/cdnoticias.com\/index.php\/wp-json\/wp\/v2\/users\/96739694"}],"replies":[{"embeddable":true,"href":"https:\/\/cdnoticias.com\/index.php\/wp-json\/wp\/v2\/comments?post=150235"}],"version-history":[{"count":0,"href":"https:\/\/cdnoticias.com\/index.php\/wp-json\/wp\/v2\/posts\/150235\/revisions"}],"wp:featuredmedia":[{"embeddable":true,"href":"https:\/\/cdnoticias.com\/index.php\/wp-json\/wp\/v2\/media\/145878"}],"wp:attachment":[{"href":"https:\/\/cdnoticias.com\/index.php\/wp-json\/wp\/v2\/media?parent=150235"}],"wp:term":[{"taxonomy":"category","embeddable":true,"href":"https:\/\/cdnoticias.com\/index.php\/wp-json\/wp\/v2\/categories?post=150235"},{"taxonomy":"post_tag","embeddable":true,"href":"https:\/\/cdnoticias.com\/index.php\/wp-json\/wp\/v2\/tags?post=150235"}],"curies":[{"name":"wp","href":"https:\/\/api.w.org\/{rel}","templated":true}]}}