{"id":150226,"date":"2022-08-19T14:28:19","date_gmt":"2022-08-19T17:28:19","guid":{"rendered":"http:\/\/centraldeportes.com.ar\/?p=21036"},"modified":"2022-08-19T14:28:19","modified_gmt":"2022-08-19T17:28:19","slug":"suspension-de-tres-meses-para-un-arbitro-local","status":"publish","type":"post","link":"https:\/\/cdnoticias.com\/index.php\/2022\/08\/19\/suspension-de-tres-meses-para-un-arbitro-local\/","title":{"rendered":"Suspensi\u00f3n de tres meses para un \u00e1rbitro local"},"content":{"rendered":"<p>Lisandro Rodr\u00edguez no podr\u00e1 dirigir hasta el venidero mes noviembre ya que fue suspendido por el Tribunal de Penas.<\/p>\n<p><!--more--><\/p>\n<hr \/>\n<p>En las \u00faltimas horas, el Tribunal de Penas di\u00f3 a conocer las sanciones entre las que se incluye la pena a un \u00e1rbitro local que cometi\u00f3 reiteradas faltas de conducta.<\/p>\n<p>&nbsp;<\/p>\n<p>Lisandro Rodr\u00edguez estar\u00e1 fuera de las canchas 3 meses y no podr\u00e1 ser designado para el venidro Torneo Regional Amateur.<\/p>\n","protected":false},"excerpt":{"rendered":"<p>Lisandro Rodr\u00edguez no podr\u00e1 dirigir hasta el venidero mes noviembre ya que fue suspendido por el Tribunal de Penas.<\/p>\n","protected":false},"author":96739694,"featured_media":145112,"comment_status":"closed","ping_status":"closed","sticky":false,"template":"","format":"standard","meta":{"_jetpack_memberships_contains_paid_content":false,"footnotes":""},"categories":[35,1,54],"tags":[],"class_list":["post-150226","post","type-post","status-publish","format-standard","has-post-thumbnail","hentry","category-futbol","category-portada","category-torneo-regional-amateur"],"jetpack_featured_media_url":"https:\/\/i0.wp.com\/cdnoticias.com\/wp-content\/uploads\/2021\/11\/arbitro.png?fit=800%2C445&ssl=1","jetpack_sharing_enabled":true,"_links":{"self":[{"href":"https:\/\/cdnoticias.com\/index.php\/wp-json\/wp\/v2\/posts\/150226","targetHints":{"allow":["GET"]}}],"collection":[{"href":"https:\/\/cdnoticias.com\/index.php\/wp-json\/wp\/v2\/posts"}],"about":[{"href":"https:\/\/cdnoticias.com\/index.php\/wp-json\/wp\/v2\/types\/post"}],"author":[{"embeddable":true,"href":"https:\/\/cdnoticias.com\/index.php\/wp-json\/wp\/v2\/users\/96739694"}],"replies":[{"embeddable":true,"href":"https:\/\/cdnoticias.com\/index.php\/wp-json\/wp\/v2\/comments?post=150226"}],"version-history":[{"count":0,"href":"https:\/\/cdnoticias.com\/index.php\/wp-json\/wp\/v2\/posts\/150226\/revisions"}],"wp:featuredmedia":[{"embeddable":true,"href":"https:\/\/cdnoticias.com\/index.php\/wp-json\/wp\/v2\/media\/145112"}],"wp:attachment":[{"href":"https:\/\/cdnoticias.com\/index.php\/wp-json\/wp\/v2\/media?parent=150226"}],"wp:term":[{"taxonomy":"category","embeddable":true,"href":"https:\/\/cdnoticias.com\/index.php\/wp-json\/wp\/v2\/categories?post=150226"},{"taxonomy":"post_tag","embeddable":true,"href":"https:\/\/cdnoticias.com\/index.php\/wp-json\/wp\/v2\/tags?post=150226"}],"curies":[{"name":"wp","href":"https:\/\/api.w.org\/{rel}","templated":true}]}}