{"id":150224,"date":"2022-09-26T17:38:49","date_gmt":"2022-09-26T20:38:49","guid":{"rendered":"http:\/\/centraldeportes.com.ar\/?p=23765"},"modified":"2022-09-26T17:38:49","modified_gmt":"2022-09-26T20:38:49","slug":"vamos-a-ser-una-familia-de-470-personas-en-mar-del-plata","status":"publish","type":"post","link":"https:\/\/cdnoticias.com\/index.php\/2022\/09\/26\/vamos-a-ser-una-familia-de-470-personas-en-mar-del-plata\/","title":{"rendered":"\u201cVamos a ser una familia de 470 personas en Mar del Plata\u201d"},"content":{"rendered":"<p>El equipo de Deportes del Municipio realiz\u00f3 la charla informativa en vistas a los Juegos Bonaerenses 2022, que se desarrollar\u00e1n desde la semana pr\u00f3xima en Mar del Plata.<\/p>\n<p><!--more--><\/p>\n<hr \/>\n<p>El subsecretario de Deportes y Recreaci\u00f3n Juan Agust\u00edn Galli dio la bienvenida a los padres, profesores, entrenadores, docentes y deportistas que ser\u00e1n parte de la delegaci\u00f3n local en la competencia.<\/p>\n<p>&nbsp;<\/p>\n<p>Brind\u00f3 detalles acerca de la estad\u00eda de los olavarrienses en Mar del Plata y present\u00f3 la novedad de la indumentaria: la Subsecretar\u00eda de Deportes y Recreaci\u00f3n proveer\u00e1 a cada integrante de la Delegaci\u00f3n una campera identificatoria de Olavarr\u00eda.<\/p>\n<p>&nbsp;<\/p>\n<p>Estuvo acompa\u00f1ado por el director de Gesti\u00f3n Deportiva Oscar Gonzalez y el director de Deporte Social Fabricio Carrera, quien se\u00f1al\u00f3 que\u00a0\u201cvamos a ser una familia de 470 personas en Mar del Plata\u201d.<\/p>\n<p>&nbsp;<\/p>\n<p>La delegaci\u00f3n olavarriense estar\u00e1 compuesta por deportistas, artistas, docentes, entrenadores, delegados municipal, personal auxiliar, profesores de educaci\u00f3n f\u00edsica, kinesi\u00f3logo, m\u00e9dico, periodistas, encargados de hotel y transporte.<\/p>\n<p>&nbsp;<\/p>\n<p>La partida hacia Mar del Plata ser\u00e1 desde la Municipalidad, el s\u00e1bado 1\u00b0 de octubre a las 6 y a las 16 horas.<\/p>\n<p>&nbsp;<\/p>\n<p>La delegaci\u00f3n se alojar\u00e1 en cinco hoteles con servicio de pensi\u00f3n completa (excepto merienda), tendr\u00e1n traslados internos durante la competencia (excepto que fuere en cercan\u00edas a los hoteles) y habr\u00e1 almuerzo y cena en horarios rotativos (comidas de entrada, plato principal, postre y bebida sin alcohol).<\/p>\n","protected":false},"excerpt":{"rendered":"<p>El equipo de Deportes del Municipio realiz\u00f3 la charla informativa en vistas a los Juegos Bonaerenses 2022, que se desarrollar\u00e1n<\/p>\n","protected":false},"author":96739694,"featured_media":150225,"comment_status":"closed","ping_status":"closed","sticky":false,"template":"","format":"standard","meta":{"_jetpack_memberships_contains_paid_content":false,"footnotes":""},"categories":[30,1],"tags":[],"class_list":["post-150224","post","type-post","status-publish","format-standard","has-post-thumbnail","hentry","category-polideportivo","category-portada"],"jetpack_featured_media_url":"https:\/\/i0.wp.com\/cdnoticias.com\/wp-content\/uploads\/2022\/09\/Deportes-Reunion-informativa-Bonaerenses-22-2.jpg?fit=1600%2C1200&ssl=1","jetpack_sharing_enabled":true,"_links":{"self":[{"href":"https:\/\/cdnoticias.com\/index.php\/wp-json\/wp\/v2\/posts\/150224","targetHints":{"allow":["GET"]}}],"collection":[{"href":"https:\/\/cdnoticias.com\/index.php\/wp-json\/wp\/v2\/posts"}],"about":[{"href":"https:\/\/cdnoticias.com\/index.php\/wp-json\/wp\/v2\/types\/post"}],"author":[{"embeddable":true,"href":"https:\/\/cdnoticias.com\/index.php\/wp-json\/wp\/v2\/users\/96739694"}],"replies":[{"embeddable":true,"href":"https:\/\/cdnoticias.com\/index.php\/wp-json\/wp\/v2\/comments?post=150224"}],"version-history":[{"count":0,"href":"https:\/\/cdnoticias.com\/index.php\/wp-json\/wp\/v2\/posts\/150224\/revisions"}],"wp:featuredmedia":[{"embeddable":true,"href":"https:\/\/cdnoticias.com\/index.php\/wp-json\/wp\/v2\/media\/150225"}],"wp:attachment":[{"href":"https:\/\/cdnoticias.com\/index.php\/wp-json\/wp\/v2\/media?parent=150224"}],"wp:term":[{"taxonomy":"category","embeddable":true,"href":"https:\/\/cdnoticias.com\/index.php\/wp-json\/wp\/v2\/categories?post=150224"},{"taxonomy":"post_tag","embeddable":true,"href":"https:\/\/cdnoticias.com\/index.php\/wp-json\/wp\/v2\/tags?post=150224"}],"curies":[{"name":"wp","href":"https:\/\/api.w.org\/{rel}","templated":true}]}}