{"id":150221,"date":"2022-08-05T15:08:05","date_gmt":"2022-08-05T18:08:05","guid":{"rendered":"http:\/\/centraldeportes.com.ar\/?p=20350"},"modified":"2022-08-05T15:08:05","modified_gmt":"2022-08-05T18:08:05","slug":"comenzo-anoche-el-torneo-apertura-cae","status":"publish","type":"post","link":"https:\/\/cdnoticias.com\/index.php\/2022\/08\/05\/comenzo-anoche-el-torneo-apertura-cae\/","title":{"rendered":"Comenz\u00f3 el Torneo Apertura CAE"},"content":{"rendered":"<p>En el trinquete del Parque Guerrero comenz\u00f3 el Torneo Apertura del Club Estudiantes resrvado paras las categor\u00edas A, B y principiantes.<\/p>\n<p><!--more--><\/p>\n<hr \/>\n<p>El certamen est\u00e1 organizado por el \u00e1rea de Escuela de Estudiantes y tiene como objetivo darle rodaje a los que reci\u00e9n empiezan en este tipo de competencias y generar una mayor frecuencia de juego para los aficionados a este deporte.<\/p>\n<p>&nbsp;<\/p>\n<p>La modalidad del certamen permitir\u00e1 que los equipos tengan competencia todas las semanas en juegos por turnos y tendr\u00e1 una duraci\u00f3n de 11 fechas m\u00e1s Final Four para las categor\u00edas A y B que ser\u00e1 el 23 de octubre; y 10 fechas para principiantes.<\/p>\n<p>&nbsp;<\/p>\n<p><img data-recalc-dims=\"1\" loading=\"lazy\" decoding=\"async\" class=\"aligncenter size-full wp-image-20351\" src=\"https:\/\/i0.wp.com\/centraldeportes.com.ar\/wp-content\/uploads\/2022\/08\/WhatsApp-Image-2022-08-05-at-2.53.29-PM-1.jpeg?resize=800%2C600\" alt=\"\" width=\"800\" height=\"600\" \/><\/p>\n<p>&nbsp;<\/p>\n<p>Entre los representantes de Estudiantes se encuentran: en la A Luis Puchetta, Daniel Vieira y Jos\u00e9 Elztein. Por escuela: Paola Larios, Ver\u00f3nica Vefumo, Agust\u00edn Coronel, Nahuel Carranza y Ferm\u00edn Puchetta.<\/p>\n<p>&nbsp;<\/p>\n<p>Gabriel Menguil, si bien es categor\u00eda Escuela, formar\u00e1 parte de la B y ser\u00e1 el jugador \u201crevelaci\u00f3n&#8221; debido a su corta edad y su nivel avanzado, ya que actualmente juega con pelotaris que tienen mucho rodaje en la disciplina.<\/p>\n<p>&nbsp;<\/p>\n<p>El trinquete de Estudiantes tuvo su partido inaugural el pasado lunes con la participaci\u00f3n de dos parejas de la categor\u00eda B donde la dupla compuesta por Arizaga y Arizaga venci\u00f3 a Amespil-Violante por 20-18, 18-20 y 14-15.<\/p>\n","protected":false},"excerpt":{"rendered":"<p>En el trinquete del Parque Guerrero comenz\u00f3 el Torneo Apertura del Club Estudiantes resrvado paras las categor\u00edas A, B y<\/p>\n","protected":false},"author":96739694,"featured_media":150222,"comment_status":"closed","ping_status":"closed","sticky":false,"template":"","format":"standard","meta":{"_jetpack_memberships_contains_paid_content":false,"footnotes":""},"categories":[30,1],"tags":[],"class_list":["post-150221","post","type-post","status-publish","format-standard","has-post-thumbnail","hentry","category-polideportivo","category-portada"],"jetpack_featured_media_url":"https:\/\/i0.wp.com\/cdnoticias.com\/wp-content\/uploads\/2022\/08\/WhatsApp-Image-2022-08-05-at-2.53.29-PM.jpeg?fit=1280%2C576&ssl=1","jetpack_sharing_enabled":true,"_links":{"self":[{"href":"https:\/\/cdnoticias.com\/index.php\/wp-json\/wp\/v2\/posts\/150221","targetHints":{"allow":["GET"]}}],"collection":[{"href":"https:\/\/cdnoticias.com\/index.php\/wp-json\/wp\/v2\/posts"}],"about":[{"href":"https:\/\/cdnoticias.com\/index.php\/wp-json\/wp\/v2\/types\/post"}],"author":[{"embeddable":true,"href":"https:\/\/cdnoticias.com\/index.php\/wp-json\/wp\/v2\/users\/96739694"}],"replies":[{"embeddable":true,"href":"https:\/\/cdnoticias.com\/index.php\/wp-json\/wp\/v2\/comments?post=150221"}],"version-history":[{"count":0,"href":"https:\/\/cdnoticias.com\/index.php\/wp-json\/wp\/v2\/posts\/150221\/revisions"}],"wp:featuredmedia":[{"embeddable":true,"href":"https:\/\/cdnoticias.com\/index.php\/wp-json\/wp\/v2\/media\/150222"}],"wp:attachment":[{"href":"https:\/\/cdnoticias.com\/index.php\/wp-json\/wp\/v2\/media?parent=150221"}],"wp:term":[{"taxonomy":"category","embeddable":true,"href":"https:\/\/cdnoticias.com\/index.php\/wp-json\/wp\/v2\/categories?post=150221"},{"taxonomy":"post_tag","embeddable":true,"href":"https:\/\/cdnoticias.com\/index.php\/wp-json\/wp\/v2\/tags?post=150221"}],"curies":[{"name":"wp","href":"https:\/\/api.w.org\/{rel}","templated":true}]}}