{"id":150212,"date":"2022-08-05T18:09:51","date_gmt":"2022-08-05T21:09:51","guid":{"rendered":"http:\/\/centraldeportes.com.ar\/?p=20367"},"modified":"2022-08-05T18:09:51","modified_gmt":"2022-08-05T21:09:51","slug":"podios-para-olavarrienses-en-un-torneo-bonaerense","status":"publish","type":"post","link":"https:\/\/cdnoticias.com\/index.php\/2022\/08\/05\/podios-para-olavarrienses-en-un-torneo-bonaerense\/","title":{"rendered":"Podios para olavarrienses en un Torneo Bonaerense"},"content":{"rendered":"<p>El pasado fin de semana, representantes de distintos gimnasios locales participaron del Torneo Bonaerense \u201cGran M\u00e1ster Armando Villegas\u201d y lograron buenos resultados.<!--more--><\/p>\n<hr \/>\n<p>Representantes de los clubes Loma Negra y Ferro y del gimnasio Nitro fueron dirigidos por el Maestro Andr\u00e9s Carosella y Sabum Nim Mat\u00edas Moretti en un Campeonato Bonaerense y lograron subirse al podio en reiteradas oportunidades.<\/p>\n<p>&nbsp;<\/p>\n<p>En lo que respecta a resultados, M\u00e1ximo Pluis logro el 1\u00ba puesto en lucha en categor\u00eda de cintur\u00f3n negro libre adulto 18 a 35 a\u00f1os y Mateo Larra\u00f1aga obtuvo 2\u00ba puesto en lucha, categor\u00eda adulto liviano 18 a 35 a\u00f1os, azul a punta negra.<\/p>\n<p>&nbsp;<\/p>\n<p>Adem\u00e1s, Sebasti\u00e1n Aman alcanzo el 2\u00ba puesto en lucha y 3\u00ba en forma en la categor\u00eda juvenil liviano 16 &#8211; 17 a\u00f1os, azul a punta negra y Luciano Chiarenza logro el 1\u00ba puesto en lucha y 2\u00ba en forma, categor\u00eda juvenil 14 &#8211; 15 a\u00f1os,\u00a0 amarillo a punta azul.<\/p>\n","protected":false},"excerpt":{"rendered":"<p>El pasado fin de semana, representantes de distintos gimnasios locales participaron del Torneo Bonaerense \u201cGran M\u00e1ster Armando Villegas\u201d y lograron<\/p>\n","protected":false},"author":96739694,"featured_media":150213,"comment_status":"closed","ping_status":"closed","sticky":false,"template":"","format":"standard","meta":{"_jetpack_memberships_contains_paid_content":false,"footnotes":""},"categories":[30,1],"tags":[],"class_list":["post-150212","post","type-post","status-publish","format-standard","has-post-thumbnail","hentry","category-polideportivo","category-portada"],"jetpack_featured_media_url":"https:\/\/i0.wp.com\/cdnoticias.com\/wp-content\/uploads\/2022\/08\/WhatsApp-Image-2022-08-05-at-5.43.56-PM.jpeg?fit=1600%2C1200&ssl=1","jetpack_sharing_enabled":true,"_links":{"self":[{"href":"https:\/\/cdnoticias.com\/index.php\/wp-json\/wp\/v2\/posts\/150212","targetHints":{"allow":["GET"]}}],"collection":[{"href":"https:\/\/cdnoticias.com\/index.php\/wp-json\/wp\/v2\/posts"}],"about":[{"href":"https:\/\/cdnoticias.com\/index.php\/wp-json\/wp\/v2\/types\/post"}],"author":[{"embeddable":true,"href":"https:\/\/cdnoticias.com\/index.php\/wp-json\/wp\/v2\/users\/96739694"}],"replies":[{"embeddable":true,"href":"https:\/\/cdnoticias.com\/index.php\/wp-json\/wp\/v2\/comments?post=150212"}],"version-history":[{"count":0,"href":"https:\/\/cdnoticias.com\/index.php\/wp-json\/wp\/v2\/posts\/150212\/revisions"}],"wp:featuredmedia":[{"embeddable":true,"href":"https:\/\/cdnoticias.com\/index.php\/wp-json\/wp\/v2\/media\/150213"}],"wp:attachment":[{"href":"https:\/\/cdnoticias.com\/index.php\/wp-json\/wp\/v2\/media?parent=150212"}],"wp:term":[{"taxonomy":"category","embeddable":true,"href":"https:\/\/cdnoticias.com\/index.php\/wp-json\/wp\/v2\/categories?post=150212"},{"taxonomy":"post_tag","embeddable":true,"href":"https:\/\/cdnoticias.com\/index.php\/wp-json\/wp\/v2\/tags?post=150212"}],"curies":[{"name":"wp","href":"https:\/\/api.w.org\/{rel}","templated":true}]}}