{"id":150185,"date":"2022-08-18T14:59:07","date_gmt":"2022-08-18T17:59:07","guid":{"rendered":"http:\/\/centraldeportes.com.ar\/?p=21003"},"modified":"2022-08-18T14:59:07","modified_gmt":"2022-08-18T17:59:07","slug":"gallo-y-kremer-entre-las-mejores-del-pais","status":"publish","type":"post","link":"https:\/\/cdnoticias.com\/index.php\/2022\/08\/18\/gallo-y-kremer-entre-las-mejores-del-pais\/","title":{"rendered":"Gallo y Kremer, entre las mejores del pa\u00eds"},"content":{"rendered":"<p>Excelente actuaci\u00f3n tuvieron las patinadoras boquenses en el Campeonato Nacional que se llev\u00f3 a cabo en Villa Mar\u00eda.<!--more--><\/p>\n<hr \/>\n<p>D\u00edas atr\u00e1s, Junior Morena Gallo y Luz Kremer finalizaron la competencia en el Campeonato Nacional A e Internacional donde estuvieron acompa\u00f1adas y asistidas por la t\u00e9cnica Marcela Romera.<\/p>\n<p>&nbsp;<\/p>\n<p>Morena Gallo logr\u00f3 el 21\u00b0 lugar en su categor\u00eda Junior Nacional figuras obligatorias, dentro de las mejores 26 patinadoras que re\u00fane todo el pa\u00eds. Durante la competencia, las deportistas presentaron tres figuras de la disciplina cumpliendo con el reglamento frente a los jueces.<\/p>\n<p>&nbsp;<\/p>\n<p>Por su parte, Luz Kremer se ubic\u00f3 en el 10\u00b0 puesto en la categor\u00eda World Skate S\u00e9nior en figuras obligatorias, mientras que fue la \u00fanica representante de la Provincia de Buenos Aires en su respectiva categor\u00eda, la cual re\u00fane el nivel m\u00e1s alto de la disciplina de todo el pa\u00eds, en los primeros puestos se ubican adem\u00e1s las aspirantes argentinas de mayor nivel.<\/p>\n","protected":false},"excerpt":{"rendered":"<p>Excelente actuaci\u00f3n tuvieron las patinadoras boquenses en el Campeonato Nacional que se llev\u00f3 a cabo en Villa Mar\u00eda.<\/p>\n","protected":false},"author":96739694,"featured_media":150186,"comment_status":"closed","ping_status":"closed","sticky":false,"template":"","format":"standard","meta":{"_jetpack_memberships_contains_paid_content":false,"footnotes":""},"categories":[30,1],"tags":[],"class_list":["post-150185","post","type-post","status-publish","format-standard","has-post-thumbnail","hentry","category-polideportivo","category-portada"],"jetpack_featured_media_url":"https:\/\/i0.wp.com\/cdnoticias.com\/wp-content\/uploads\/2022\/08\/2575308b-61e1-4628-82c1-57bb64a947d1-e1660845532882.jpeg?fit=1599%2C903&ssl=1","jetpack_sharing_enabled":true,"_links":{"self":[{"href":"https:\/\/cdnoticias.com\/index.php\/wp-json\/wp\/v2\/posts\/150185","targetHints":{"allow":["GET"]}}],"collection":[{"href":"https:\/\/cdnoticias.com\/index.php\/wp-json\/wp\/v2\/posts"}],"about":[{"href":"https:\/\/cdnoticias.com\/index.php\/wp-json\/wp\/v2\/types\/post"}],"author":[{"embeddable":true,"href":"https:\/\/cdnoticias.com\/index.php\/wp-json\/wp\/v2\/users\/96739694"}],"replies":[{"embeddable":true,"href":"https:\/\/cdnoticias.com\/index.php\/wp-json\/wp\/v2\/comments?post=150185"}],"version-history":[{"count":0,"href":"https:\/\/cdnoticias.com\/index.php\/wp-json\/wp\/v2\/posts\/150185\/revisions"}],"wp:featuredmedia":[{"embeddable":true,"href":"https:\/\/cdnoticias.com\/index.php\/wp-json\/wp\/v2\/media\/150186"}],"wp:attachment":[{"href":"https:\/\/cdnoticias.com\/index.php\/wp-json\/wp\/v2\/media?parent=150185"}],"wp:term":[{"taxonomy":"category","embeddable":true,"href":"https:\/\/cdnoticias.com\/index.php\/wp-json\/wp\/v2\/categories?post=150185"},{"taxonomy":"post_tag","embeddable":true,"href":"https:\/\/cdnoticias.com\/index.php\/wp-json\/wp\/v2\/tags?post=150185"}],"curies":[{"name":"wp","href":"https:\/\/api.w.org\/{rel}","templated":true}]}}