{"id":15018,"date":"2021-03-01T10:05:27","date_gmt":"2021-03-01T13:05:27","guid":{"rendered":"http:\/\/www.centraldenoticias.com.ar\/?p=15018"},"modified":"2021-03-01T10:05:27","modified_gmt":"2021-03-01T13:05:27","slug":"jose-eseverri-repudio-via-renovacion-peronista-el-ataque-al-local-del-fdt","status":"publish","type":"post","link":"https:\/\/cdnoticias.com\/index.php\/2021\/03\/01\/jose-eseverri-repudio-via-renovacion-peronista-el-ataque-al-local-del-fdt\/","title":{"rendered":"Jos\u00e9 Eseverri repudi\u00f3, v\u00eda Renovaci\u00f3n Peronista, el ataque al local del FdT"},"content":{"rendered":"<p>Lo hizo en redes sociales en la noche del domingo. \u201cLa intolerancia no nos hace una mejor sociedad\u201d dijo y rechaz\u00f3 el escrache sufrido al local partidario del Frente de Todos en calle Necochea.<!--more--><\/p>\n<hr \/>\n<p>Tras el <a href=\"https:\/\/cdnoticias.com\/index.php\/2021\/02\/28\/expusieron-el-escrache-al-local-de-la-campora-en-olavarria\/\" target=\"_blank\" rel=\"noopener\">escrache realizado por manifestantes al local del Frente de Todos en calle Necochea (con insultos al presidente, el gobernador y dirigentes locales tales como Federico Aguilera)<\/a> <strong>el ex Intendente Jos\u00e9 Eseverri repudi\u00f3 el hecho adhiriendo a un mensaje emitido por Renovaci\u00f3n Peronista.<\/strong><\/p>\n<p>&nbsp;<\/p>\n<p>El abogado y empresario utiliz\u00f3 Twitter para dejar en claro que<em> \u201cla intolerancia no nos hace una mejor sociedad\u201d.<\/em><\/p>\n<p>&nbsp;<\/p>\n<p><em>\u201cLa grieta rompi\u00f3 todo y muchos se sienten c\u00f3modos ah\u00ed. Estoy convencido que la Argentina necesita concordia y dirigentes con ideas modernas y capacidad de gesti\u00f3n para solucionar los problemas del presente y construir un pa\u00eds mejor\u201d<\/em> agreg\u00f3.<\/p>\n<p>&nbsp;<\/p>\n<blockquote class=\"twitter-tweet\">\n<p dir=\"ltr\" lang=\"es\">La intolerancia no nos hace una mejor sociedad. La grieta rompi\u00f3 todo y muchos se sienten c\u00f3modos ah\u00ed. Estoy convencido que la Argentina necesita concordia y dirigentes con ideas modernas y capacidad de gesti\u00f3n para solucionar los problemas del presente y construir un pa\u00eds mejor. <a href=\"https:\/\/t.co\/u2EW1kHvqe\">https:\/\/t.co\/u2EW1kHvqe<\/a><\/p>\n<p>\u2014 JOSE ESEVERRI (@JOSEMESEVERRI) <a href=\"https:\/\/twitter.com\/JOSEMESEVERRI\/status\/1366195291431534592?ref_src=twsrc%5Etfw\">March 1, 2021<\/a><\/p><\/blockquote>\n<p><script async src=\"https:\/\/platform.twitter.com\/widgets.js\" charset=\"utf-8\"><\/script><br \/>\n<strong>Renovaci\u00f3n Peronista<\/strong>, en este sentido, repudi\u00f3 en\u00e9rgicamente <em>\u201clos hechos ocurridos ayer en Buenos Aires durante la movilizaci\u00f3n de la oposici\u00f3n al gobierno nacional y su correlato en nuestra ciudad contra un local del Frente de Todos\u201d.<\/em><\/p>\n<p>&nbsp;<\/p>\n<p><em>\u201cEl mensaje antidemocr\u00e1tico de un sector de la sociedad, expres\u00e1ndose con bolsas mortuorias con fotograf\u00edas alusivas a referentes pol\u00edticos y de DDHH remite a la historia m\u00e1s oscura de la Argentina. Nunca M\u00e1s es Nunca M\u00e1s\u201d<\/em> cerraron desde el<strong> bloque integrado por Germ\u00e1n Aramburu y Alicia Almada.<\/strong><\/p>\n","protected":false},"excerpt":{"rendered":"<p>Lo hizo en redes sociales en la noche del domingo. \u201cLa intolerancia no nos hace una mejor sociedad\u201d dijo y<\/p>\n","protected":false},"author":2,"featured_media":15019,"comment_status":"closed","ping_status":"closed","sticky":false,"template":"","format":"standard","meta":{"_jetpack_memberships_contains_paid_content":false,"footnotes":""},"categories":[4,1],"tags":[],"class_list":["post-15018","post","type-post","status-publish","format-standard","has-post-thumbnail","hentry","category-politica","category-portada"],"jetpack_featured_media_url":"https:\/\/i0.wp.com\/cdnoticias.com\/wp-content\/uploads\/2021\/03\/DSC_9538.jpg?fit=2746%2C1698&ssl=1","jetpack_sharing_enabled":true,"_links":{"self":[{"href":"https:\/\/cdnoticias.com\/index.php\/wp-json\/wp\/v2\/posts\/15018","targetHints":{"allow":["GET"]}}],"collection":[{"href":"https:\/\/cdnoticias.com\/index.php\/wp-json\/wp\/v2\/posts"}],"about":[{"href":"https:\/\/cdnoticias.com\/index.php\/wp-json\/wp\/v2\/types\/post"}],"author":[{"embeddable":true,"href":"https:\/\/cdnoticias.com\/index.php\/wp-json\/wp\/v2\/users\/2"}],"replies":[{"embeddable":true,"href":"https:\/\/cdnoticias.com\/index.php\/wp-json\/wp\/v2\/comments?post=15018"}],"version-history":[{"count":0,"href":"https:\/\/cdnoticias.com\/index.php\/wp-json\/wp\/v2\/posts\/15018\/revisions"}],"wp:featuredmedia":[{"embeddable":true,"href":"https:\/\/cdnoticias.com\/index.php\/wp-json\/wp\/v2\/media\/15019"}],"wp:attachment":[{"href":"https:\/\/cdnoticias.com\/index.php\/wp-json\/wp\/v2\/media?parent=15018"}],"wp:term":[{"taxonomy":"category","embeddable":true,"href":"https:\/\/cdnoticias.com\/index.php\/wp-json\/wp\/v2\/categories?post=15018"},{"taxonomy":"post_tag","embeddable":true,"href":"https:\/\/cdnoticias.com\/index.php\/wp-json\/wp\/v2\/tags?post=15018"}],"curies":[{"name":"wp","href":"https:\/\/api.w.org\/{rel}","templated":true}]}}