{"id":150172,"date":"2022-08-06T18:21:05","date_gmt":"2022-08-06T21:21:05","guid":{"rendered":"http:\/\/centraldeportes.com.ar\/?p=20466"},"modified":"2022-08-06T18:21:05","modified_gmt":"2022-08-06T21:21:05","slug":"se-terminaron-las-vacaciones-para-las-inferiores","status":"publish","type":"post","link":"https:\/\/cdnoticias.com\/index.php\/2022\/08\/06\/se-terminaron-las-vacaciones-para-las-inferiores\/","title":{"rendered":"Se terminaron las vacaciones para las Inferiores"},"content":{"rendered":"<p>Las categor\u00edas formativas de la Liga de F\u00fatbol de Olavarr\u00eda volvieron a jugar tras el receso invernal y en diferentes escenarios se complet\u00f3 la 6\u00b0 fecha del Torneo Clausura.<\/p>\n<p>&nbsp;<\/p>\n<p>Con los duelos destacados entre Racing y El Fort\u00edn en el Buglione Martinese, volvi\u00f3 la actividad formativa en el transcurso de este s\u00e1bado.<\/p>\n<p>&nbsp;<\/p>\n<p>Los resultados:<\/p>\n<p>En D\u00e9cima:<br \/>\nEstudiantes 3 \u2013 0 Sierra Chica<br \/>\nRacing 0 \u2013 3 El Fort\u00edn<br \/>\nHinojo 0 \u2013 5 Ferro<\/p>\n<p>En Novena:<br \/>\nEstudiantes 1 \u2013 0 Sierra Chica<br \/>\nEmbajadores 6 \u2013 0 Municipales<br \/>\nLuj\u00e1n 0 \u2013 0 Loma Negra<br \/>\nRacing 1 \u2013 2 El Fort\u00edn<\/p>\n<p>En Octava:<br \/>\nRacing 3 \u2013 1 El Fort\u00edn<br \/>\nHinojo 0 \u2013 7 Ferro<\/p>\n<p>En S\u00e9ptima:<br \/>\nEstudiantes 4 \u2013 0 Sierra Chica<br \/>\nEmbajadores 3 \u2013 0 Municipales<br \/>\nLuj\u00e1n 0 \u2013 2 Loma Negra<br \/>\nRacing 1 \u2013 0 El Fort\u00edn<br \/>\nHinojo 1 \u2013 1 Ferro<\/p>\n<p>En Sexta:<br \/>\nRacing 1 \u2013 2 El Fort\u00edn<\/p>\n<p>En Quinta:<br \/>\nEstudiantes 3 \u2013 0 Sierra Chica<br \/>\nEmbajadores 2 \u2013 1 Municipales<br \/>\nLuj\u00e1n 3 \u2013 0 Loma Negra<br \/>\nRacing 2 \u2013 0 El Fort\u00edn<br \/>\nHinojo 1 \u2013 2 Ferro<\/p>\n","protected":false},"excerpt":{"rendered":"<p>Las categor\u00edas formativas de la Liga de F\u00fatbol de Olavarr\u00eda volvieron a jugar tras el receso invernal y en diferentes<\/p>\n","protected":false},"author":96739694,"featured_media":150173,"comment_status":"closed","ping_status":"closed","sticky":false,"template":"","format":"standard","meta":{"_jetpack_memberships_contains_paid_content":false,"footnotes":""},"categories":[35,40,1],"tags":[],"class_list":["post-150172","post","type-post","status-publish","format-standard","has-post-thumbnail","hentry","category-futbol","category-inferiores","category-portada"],"jetpack_featured_media_url":"https:\/\/i0.wp.com\/cdnoticias.com\/wp-content\/uploads\/2022\/08\/CEO-Municipales-inferiores_6.jpg?fit=1280%2C853&ssl=1","jetpack_sharing_enabled":true,"_links":{"self":[{"href":"https:\/\/cdnoticias.com\/index.php\/wp-json\/wp\/v2\/posts\/150172","targetHints":{"allow":["GET"]}}],"collection":[{"href":"https:\/\/cdnoticias.com\/index.php\/wp-json\/wp\/v2\/posts"}],"about":[{"href":"https:\/\/cdnoticias.com\/index.php\/wp-json\/wp\/v2\/types\/post"}],"author":[{"embeddable":true,"href":"https:\/\/cdnoticias.com\/index.php\/wp-json\/wp\/v2\/users\/96739694"}],"replies":[{"embeddable":true,"href":"https:\/\/cdnoticias.com\/index.php\/wp-json\/wp\/v2\/comments?post=150172"}],"version-history":[{"count":0,"href":"https:\/\/cdnoticias.com\/index.php\/wp-json\/wp\/v2\/posts\/150172\/revisions"}],"wp:featuredmedia":[{"embeddable":true,"href":"https:\/\/cdnoticias.com\/index.php\/wp-json\/wp\/v2\/media\/150173"}],"wp:attachment":[{"href":"https:\/\/cdnoticias.com\/index.php\/wp-json\/wp\/v2\/media?parent=150172"}],"wp:term":[{"taxonomy":"category","embeddable":true,"href":"https:\/\/cdnoticias.com\/index.php\/wp-json\/wp\/v2\/categories?post=150172"},{"taxonomy":"post_tag","embeddable":true,"href":"https:\/\/cdnoticias.com\/index.php\/wp-json\/wp\/v2\/tags?post=150172"}],"curies":[{"name":"wp","href":"https:\/\/api.w.org\/{rel}","templated":true}]}}