{"id":150168,"date":"2022-08-01T18:43:32","date_gmt":"2022-08-01T21:43:32","guid":{"rendered":"http:\/\/centraldeportes.com.ar\/?p=20229"},"modified":"2022-08-01T18:43:32","modified_gmt":"2022-08-01T21:43:32","slug":"boca-de-las-sierras-mas-de-un-centenar-de-locales-y-triunfo-para-los-fernandez","status":"publish","type":"post","link":"https:\/\/cdnoticias.com\/index.php\/2022\/08\/01\/boca-de-las-sierras-mas-de-un-centenar-de-locales-y-triunfo-para-los-fernandez\/","title":{"rendered":"Boca de las Sierras: m\u00e1s de un centenar de locales y triunfo para los Fern\u00e1ndez"},"content":{"rendered":"<p>Lo m\u00e1s destacado de la jornada del domingo fue el importante n\u00famero de representantes locales en la Media Marat\u00f3n de Boca de las Sierras que termin\u00f3 con triunfos para Gustavo y Cecilia Fern\u00e1ndez que registraron el r\u00e9cord del recorrido.<!--more--><\/p>\n<hr \/>\n<p>Gustavo Fern\u00e1ndez con 1 hora 13 minutos y 27 segundos fue el m\u00e1s veloz de los 21 kil\u00f3metros por el paraje y su inmediato perseguidor fue otro olavarriense, Manuel Aramburu con 1:22:21. El tercer puesto fue para Marcos Pereyro.<\/p>\n<p>&nbsp;<\/p>\n<p>Adem\u00e1s, Juan Recofsky, Jos\u00e9 Gallicchio, Roberto Ortiz, Mariano Guti\u00e9rrez, Jonathan Z\u00e1rate y Carlos Canobe lograron ubicarse en el Top30 entre los caballeros.<\/p>\n<p>&nbsp;<\/p>\n<p>Entre las Damas, Cecilia Fern\u00e1ndez necesit\u00f3 1:25:28 para completar los 21Ky fue escoltada por Clara Beraza con 1:35:07 y la olavarriense Roxana Garay con 1:38:29. Adem\u00e1s, en el Top15 se ubicaron Florencia Ju\u00e1rez, Y\u00e9sica Gonz\u00e1lez y Carola Rearte.<\/p>\n<p>&nbsp;<\/p>\n<p>Paola Rold\u00e1n, Romina Galacho, Mariela Orona, Melisa P\u00e9rez, Sandra P\u00e9rez, Claudia Jacobo, Sandra Altieri y Mar\u00eda V\u00e1zquez finalizaron el recorrido entre las mejores 30 atletas.<\/p>\n<p>&nbsp;<\/p>\n<p>Por otro lado, en la distancia de 10K, Irineo Mac\u00edas fue el mejor local con el segundo puesto en la general con 38:01 y en el Top20 tambi\u00e9n se ubicaron: Sebasti\u00e1n Kuhn, Juan V\u00e1zquez y Andr\u00e9s Abelando.<\/p>\n<p>&nbsp;<\/p>\n<p>Las mejores atletas de Olavarr\u00eda fueron Shirley Rey, Florencia Dur\u00e1n, Bel\u00e9n Peralta y Marina Simona que tambi\u00e9n se ubicaron en el Top20.<\/p>\n<p>&nbsp;<\/p>\n<p>Por \u00faltimo, en la distancia corta estuvieron Jaquelina Fern\u00e1ndez, Mar\u00eda Sagardoyburu, Roc\u00edo Gastearena, Iv\u00e1n Aramburu (ganador), Cristian Ib\u00e1\u00f1ez y Ra\u00fal Maggi.<\/p>\n","protected":false},"excerpt":{"rendered":"<p>Lo m\u00e1s destacado de la jornada del domingo fue el importante n\u00famero de representantes locales en la Media Marat\u00f3n de<\/p>\n","protected":false},"author":96739694,"featured_media":150169,"comment_status":"closed","ping_status":"closed","sticky":false,"template":"","format":"standard","meta":{"_jetpack_memberships_contains_paid_content":false,"footnotes":""},"categories":[38,1],"tags":[],"class_list":["post-150168","post","type-post","status-publish","format-standard","has-post-thumbnail","hentry","category-pedestrismo","category-portada"],"jetpack_featured_media_url":"https:\/\/i0.wp.com\/cdnoticias.com\/wp-content\/uploads\/2022\/08\/500.jpg?fit=752%2C426&ssl=1","jetpack_sharing_enabled":true,"_links":{"self":[{"href":"https:\/\/cdnoticias.com\/index.php\/wp-json\/wp\/v2\/posts\/150168","targetHints":{"allow":["GET"]}}],"collection":[{"href":"https:\/\/cdnoticias.com\/index.php\/wp-json\/wp\/v2\/posts"}],"about":[{"href":"https:\/\/cdnoticias.com\/index.php\/wp-json\/wp\/v2\/types\/post"}],"author":[{"embeddable":true,"href":"https:\/\/cdnoticias.com\/index.php\/wp-json\/wp\/v2\/users\/96739694"}],"replies":[{"embeddable":true,"href":"https:\/\/cdnoticias.com\/index.php\/wp-json\/wp\/v2\/comments?post=150168"}],"version-history":[{"count":0,"href":"https:\/\/cdnoticias.com\/index.php\/wp-json\/wp\/v2\/posts\/150168\/revisions"}],"wp:featuredmedia":[{"embeddable":true,"href":"https:\/\/cdnoticias.com\/index.php\/wp-json\/wp\/v2\/media\/150169"}],"wp:attachment":[{"href":"https:\/\/cdnoticias.com\/index.php\/wp-json\/wp\/v2\/media?parent=150168"}],"wp:term":[{"taxonomy":"category","embeddable":true,"href":"https:\/\/cdnoticias.com\/index.php\/wp-json\/wp\/v2\/categories?post=150168"},{"taxonomy":"post_tag","embeddable":true,"href":"https:\/\/cdnoticias.com\/index.php\/wp-json\/wp\/v2\/tags?post=150168"}],"curies":[{"name":"wp","href":"https:\/\/api.w.org\/{rel}","templated":true}]}}