{"id":15015,"date":"2021-03-01T09:22:43","date_gmt":"2021-03-01T12:22:43","guid":{"rendered":"http:\/\/www.centraldenoticias.com.ar\/?p=15015"},"modified":"2021-03-01T09:23:20","modified_gmt":"2021-03-01T12:23:20","slug":"antes-del-inicio-de-las-clases-kicillof-llego-a-un-acuerdo-salarial-con-los-docentes","status":"publish","type":"post","link":"https:\/\/cdnoticias.com\/index.php\/2021\/03\/01\/antes-del-inicio-de-las-clases-kicillof-llego-a-un-acuerdo-salarial-con-los-docentes\/","title":{"rendered":"A horas del inicio de las clases, Kicillof acord\u00f3 la paritaria con docentes"},"content":{"rendered":"<p>Los gremios mayoritarios aceptaron la propuesta del Gobierno bonaerense de un 35% promedio en tres tramos. El salario de un maestro de grado sin antig\u00fcedad quedar\u00e1 en $ 48.508 a partir de septiembre.<!--more--><\/p>\n<hr \/>\n<p><strong>El gobierno de Axel Kicillof logr\u00f3 un acuerdo este domingo en la paritaria salarial docente<\/strong> luego de que el sector mayoritario de los gremios aceptara el aumento del 35% promedio en tres tramos ofrecido el pasado viernes en la reuni\u00f3n que llevaron a cabo las partes.<\/p>\n<p>Los sindicatos docentes realizaron durante el fin de semana <a href=\"https:\/\/cdnoticias.com\/index.php\/2021\/02\/28\/tras-la-oferta-salarial-tiempo-de-analisis-de-los-docentes-bonaerenses\/\" target=\"_blank\" rel=\"noopener\">consultas internas<\/a> y este domingo, seg\u00fan pudo averiguar DIB, <strong>la propuesta fue aceptada por Suteba y FEB (los gremios con m\u00e1s representaci\u00f3n)<\/strong>, adhesi\u00f3n suficiente para cerrar la paritaria.<\/p>\n<p>Tras la aceptaci\u00f3n, la titular de FEB, <strong>Mirta Petrocini, aclar\u00f3 que \u201cesta paritaria no est\u00e1 cerrada\u201d<\/strong> y que \u201ctiene una continuidad\u201d en el \u00faltimo periodo de 2021. \u201cNos queda un \u00faltimo trimestre para retomar la negociaci\u00f3n una vez que se conozcan los indicadores econ\u00f3micos para los \u00faltimos tres meses de este a\u00f1o\u201d, agreg\u00f3.<\/p>\n<p>Tambi\u00e9n <strong>se mostraron a favor de la propuesta AMET y UPCN<\/strong>, mientras que <strong>Sadop definir\u00e1 su posici\u00f3n este lunes<\/strong> y <strong>Udocba (alineado a la CGT) rechaz\u00f3 la oferta<\/strong> al considerar que no da garant\u00edas de recuperaci\u00f3n salarial.<\/p>\n<p>Asimismo <strong>se manifest\u00f3 en contra del acuerdo la agrupaci\u00f3n Multicolor de Suteba<\/strong>, la oposici\u00f3n interna a Roberto Baradel que responde a la diputada nacional Romina Del Pl\u00e1 (FIT). La legisladora dijo que \u201cla miseria salarial recorre el pa\u00eds\u201d y convoc\u00f3 a un paro para el lunes y martes en las seccionales en donde domina su sector. <a href=\"https:\/\/cdnoticias.com\/index.php\/2021\/02\/28\/paritaria-tribuna-docente-rechazo-el-aumento-y-convoco-a-un-paro\/\" target=\"_blank\" rel=\"noopener\">En Olavarr\u00eda hubo adhesi\u00f3n a esta medida a trav\u00e9s de Tribuna Docente<\/a>.<\/p>\n<p><strong>El acuerdo<\/strong><\/p>\n<p><strong>El incremento ser\u00e1 de un 32%<\/strong>, a lo que se sumar\u00e1 un aumento del <strong>Fondo de Incentivo Docente (FONID)<\/strong> y la <strong>suma por conectividad<\/strong> acordado en la paritaria nacional. <strong>En promedio ser\u00e1 del 35% y se cobrar\u00e1 en tres tramos (14,1% en marzo, 7,9% en julio y 13,2% en septiembre)<\/strong>.<\/p>\n<blockquote><p>As\u00ed, el salario de bolsillo de un maestro de grado sin antig\u00fcedad quedar\u00e1 en $ 48.508 pesos a partir del mes de septiembre, el de un preceptor en $ 41.987 y el de un profesor con 20 m\u00f3dulos en $ 69.822.<\/p><\/blockquote>\n<p>Adem\u00e1s, el Gobierno se comprometi\u00f3 a <strong>retomar las negociaciones<\/strong> luego de que se conozcan los indicadores econ\u00f3micos del tercer trimestre para corregir el aumento en caso de ser necesario y mantener la recomposici\u00f3n real de los salarios.<\/p>\n<p>\u201cYa el a\u00f1o pasado asumimos el compromiso de iniciar el camino de recomposici\u00f3n del salario a\u00fan en las circunstancias adversas de la pandemia y nuestro esfuerzo tiene como objetivo que las y los trabajadores no sufran p\u00e9rdida del salario real\u201d, dijo el pasado viernes Kicillof, quien particip\u00f3 de la <a href=\"https:\/\/cdnoticias.com\/index.php\/2021\/02\/27\/la-provincia-realizo-una-propuesta-salarial-a-los-gremios-docentes\/\" target=\"_blank\" rel=\"noopener\">reuni\u00f3n con los gremios<\/a> junto a otras autoridades provinciales en el Ministerio de Trabajo.<\/p>\n<p>Fuente: <em>Agencia DIB<\/em><\/p>\n","protected":false},"excerpt":{"rendered":"<p>Los gremios mayoritarios aceptaron la propuesta del Gobierno bonaerense de un 35% promedio en tres tramos. El salario de un<\/p>\n","protected":false},"author":4,"featured_media":14860,"comment_status":"closed","ping_status":"closed","sticky":false,"template":"","format":"standard","meta":{"_jetpack_memberships_contains_paid_content":false,"footnotes":""},"categories":[6,1],"tags":[],"class_list":["post-15015","post","type-post","status-publish","format-standard","has-post-thumbnail","hentry","category-nacionales","category-portada"],"jetpack_featured_media_url":"https:\/\/i0.wp.com\/cdnoticias.com\/wp-content\/uploads\/2021\/02\/paritaria-docente.jpeg?fit=1280%2C796&ssl=1","jetpack_sharing_enabled":true,"_links":{"self":[{"href":"https:\/\/cdnoticias.com\/index.php\/wp-json\/wp\/v2\/posts\/15015","targetHints":{"allow":["GET"]}}],"collection":[{"href":"https:\/\/cdnoticias.com\/index.php\/wp-json\/wp\/v2\/posts"}],"about":[{"href":"https:\/\/cdnoticias.com\/index.php\/wp-json\/wp\/v2\/types\/post"}],"author":[{"embeddable":true,"href":"https:\/\/cdnoticias.com\/index.php\/wp-json\/wp\/v2\/users\/4"}],"replies":[{"embeddable":true,"href":"https:\/\/cdnoticias.com\/index.php\/wp-json\/wp\/v2\/comments?post=15015"}],"version-history":[{"count":0,"href":"https:\/\/cdnoticias.com\/index.php\/wp-json\/wp\/v2\/posts\/15015\/revisions"}],"wp:featuredmedia":[{"embeddable":true,"href":"https:\/\/cdnoticias.com\/index.php\/wp-json\/wp\/v2\/media\/14860"}],"wp:attachment":[{"href":"https:\/\/cdnoticias.com\/index.php\/wp-json\/wp\/v2\/media?parent=15015"}],"wp:term":[{"taxonomy":"category","embeddable":true,"href":"https:\/\/cdnoticias.com\/index.php\/wp-json\/wp\/v2\/categories?post=15015"},{"taxonomy":"post_tag","embeddable":true,"href":"https:\/\/cdnoticias.com\/index.php\/wp-json\/wp\/v2\/tags?post=15015"}],"curies":[{"name":"wp","href":"https:\/\/api.w.org\/{rel}","templated":true}]}}