{"id":150136,"date":"2022-08-03T20:45:11","date_gmt":"2022-08-03T23:45:11","guid":{"rendered":"http:\/\/centraldeportes.com.ar\/?p=20311"},"modified":"2022-08-03T20:45:11","modified_gmt":"2022-08-03T23:45:11","slug":"el-cef-n-se-prepara-para-el-8-cross-del-terraplen","status":"publish","type":"post","link":"https:\/\/cdnoticias.com\/index.php\/2022\/08\/03\/el-cef-n-se-prepara-para-el-8-cross-del-terraplen\/","title":{"rendered":"El CEF N\u00b0 se prepara para el 8\u00b0 \u201cCross del Terrapl\u00e9n\u201d"},"content":{"rendered":"<p>El pr\u00f3ximo s\u00e1bado tendr\u00e1 lugar la 8\u00b0 edici\u00f3n del \u201cCross del Terrapl\u00e9n\u201d organizado por el Centro de Educaci\u00f3n F\u00edsica N\u00b044 y fiscalizado por el C\u00edrculo de Atletas Veteranos de Olavarr\u00eda.<!--more--><\/p>\n<hr \/>\n<p>En el Centro de Educaci\u00f3n F\u00edsica N\u00ba 44 se est\u00e1n ultimando todos los detalles previos para que luego de un par\u00e9ntesis de tres a\u00f1os, regrese el \u201cCross del Terrapl\u00e9n\u201d desde las 14:30.<\/p>\n<p>&nbsp;<\/p>\n<p>La competencia sobre 6000 metros ser\u00e1 la encargada de cerrar la jornada sabatina que iniciar\u00e1 a las 14:00 con las pruebas de menores, seguir\u00e1 con la prueba social de 2000 metros y finalizar\u00e1 con la prueba competitiva y todos los y las participantes recibir\u00e1n diplomas, adem\u00e1s de poder compartir chocolate caliente.<\/p>\n<p>&nbsp;<\/p>\n<p>Aquellas personas interesadas en participar deber\u00e1n comunicarse al 450944 de 17:00 a 21:00 horas o al celular 2284227386 (Cristian) o a trav\u00e9s del CAVO que ya se encuentra inscribiendo para el mejor regreso tras a\u00f1os de ausencia en el calendario por la pandemia de coronavirus.<\/p>\n<p>&nbsp;<\/p>\n","protected":false},"excerpt":{"rendered":"<p>El pr\u00f3ximo s\u00e1bado tendr\u00e1 lugar la 8\u00b0 edici\u00f3n del \u201cCross del Terrapl\u00e9n\u201d organizado por el Centro de Educaci\u00f3n F\u00edsica N\u00b044<\/p>\n","protected":false},"author":96739694,"featured_media":150137,"comment_status":"closed","ping_status":"closed","sticky":false,"template":"","format":"standard","meta":{"_jetpack_memberships_contains_paid_content":false,"footnotes":""},"categories":[38,1],"tags":[],"class_list":["post-150136","post","type-post","status-publish","format-standard","has-post-thumbnail","hentry","category-pedestrismo","category-portada"],"jetpack_featured_media_url":"https:\/\/i0.wp.com\/cdnoticias.com\/wp-content\/uploads\/2022\/06\/cross-fio_7.jpg?fit=1280%2C853&ssl=1","jetpack_sharing_enabled":true,"_links":{"self":[{"href":"https:\/\/cdnoticias.com\/index.php\/wp-json\/wp\/v2\/posts\/150136","targetHints":{"allow":["GET"]}}],"collection":[{"href":"https:\/\/cdnoticias.com\/index.php\/wp-json\/wp\/v2\/posts"}],"about":[{"href":"https:\/\/cdnoticias.com\/index.php\/wp-json\/wp\/v2\/types\/post"}],"author":[{"embeddable":true,"href":"https:\/\/cdnoticias.com\/index.php\/wp-json\/wp\/v2\/users\/96739694"}],"replies":[{"embeddable":true,"href":"https:\/\/cdnoticias.com\/index.php\/wp-json\/wp\/v2\/comments?post=150136"}],"version-history":[{"count":0,"href":"https:\/\/cdnoticias.com\/index.php\/wp-json\/wp\/v2\/posts\/150136\/revisions"}],"wp:featuredmedia":[{"embeddable":true,"href":"https:\/\/cdnoticias.com\/index.php\/wp-json\/wp\/v2\/media\/150137"}],"wp:attachment":[{"href":"https:\/\/cdnoticias.com\/index.php\/wp-json\/wp\/v2\/media?parent=150136"}],"wp:term":[{"taxonomy":"category","embeddable":true,"href":"https:\/\/cdnoticias.com\/index.php\/wp-json\/wp\/v2\/categories?post=150136"},{"taxonomy":"post_tag","embeddable":true,"href":"https:\/\/cdnoticias.com\/index.php\/wp-json\/wp\/v2\/tags?post=150136"}],"curies":[{"name":"wp","href":"https:\/\/api.w.org\/{rel}","templated":true}]}}