{"id":150134,"date":"2022-08-04T00:04:12","date_gmt":"2022-08-04T03:04:12","guid":{"rendered":"http:\/\/centraldeportes.com.ar\/?p=20313"},"modified":"2022-08-04T00:04:12","modified_gmt":"2022-08-04T03:04:12","slug":"independiente-y-racing-iniciaron-la-final-y-el-primer-triunfo-fue-chaira","status":"publish","type":"post","link":"https:\/\/cdnoticias.com\/index.php\/2022\/08\/04\/independiente-y-racing-iniciaron-la-final-y-el-primer-triunfo-fue-chaira\/","title":{"rendered":"Independiente y Racing iniciaron la final y el primer triunfo fue \u201cChaira\u201d"},"content":{"rendered":"<p>Este mi\u00e9rcoles comenz\u00f3 la Final del Torneo Apertura de la Asociaci\u00f3n de B\u00e1squet de Olavarr\u00eda y en el Duggan Martignoni, fue triunfo de Racing que derrot\u00f3 a Independiente por 81 a 55.<!--more--><\/p>\n<hr \/>\n<p>En el Duggan Martignoni iniciaron parejas las acciones, pero en el segundo parcial los dirigidos por Mat\u00edas Orlando sacaron una importante diferencia para luego mantenerla a lo largo de los segundos 20 minutos.<\/p>\n<p>&nbsp;<\/p>\n<p>Independiente reaccion\u00f3 al regreso del entretiempo, pero la distancia era mucha para continuar con la remontada y mantener la ventaja de local\u00eda.<\/p>\n<p>&nbsp;<\/p>\n<p>Varios jugadores \u201cChairas\u201d lograron finalizar en doble d\u00edgito las conversiones, siendo Nicol\u00e1s Lorenzo el m\u00e1ximo anotador, mientras que no fueron suficientes los aportes de Saucedo y Lanusse en el local.<\/p>\n<p>&nbsp;<\/p>\n<p>El segundo punto del cruce final entre Independiente y Racing ser\u00e1 el pr\u00f3ximo viernes desde las 21:30 en el Parque Olavarr\u00eda.<\/p>\n<p>&nbsp;<\/p>\n<p>S\u00edntesis Independiente \u2013 Racing:<\/p>\n<p>Estadio: Duggan Martignoni<\/p>\n<p>\u00c1rbitros: Merchan, C., Fierro, S. y Dottavio, D.<\/p>\n<p><strong>Independiente (55): Di Salvo (4), Saucedo (10), Lanusse (14), Gutkin (6), San Mart\u00edn (9) -FI- Puente (8), Santill\u00e1n (2), Cobos (2). DT- Nicol\u00e1s Rusconi<\/strong><\/p>\n<p><strong>Racing (81): Macrini (3), Santana (12), Dupin (15), Delgado (16), Weisbeck (6) -FI- V\u00e1zquez (2), Alonso (0), D\u00b4Alessio (3), Leal (1), Mondini (5), Lorenzo (18). DT- Mat\u00edas Orlando<\/strong><\/p>\n<p>Parciales: 14 \u2013 15; 26 \u2013 50; 46 \u2013 56 y 55 \u2013 81.<\/p>\n","protected":false},"excerpt":{"rendered":"<p>Este mi\u00e9rcoles comenz\u00f3 la Final del Torneo Apertura de la Asociaci\u00f3n de B\u00e1squet de Olavarr\u00eda y en el Duggan Martignoni,<\/p>\n","protected":false},"author":96739694,"featured_media":150135,"comment_status":"closed","ping_status":"closed","sticky":false,"template":"","format":"standard","meta":{"_jetpack_memberships_contains_paid_content":false,"footnotes":""},"categories":[31,1,43],"tags":[],"class_list":["post-150134","post","type-post","status-publish","format-standard","has-post-thumbnail","hentry","category-basquet","category-portada","category-primera"],"jetpack_featured_media_url":"https:\/\/i0.wp.com\/cdnoticias.com\/wp-content\/uploads\/2022\/08\/WhatsApp-Image-2022-08-03-at-11.09.34-PM.jpeg?fit=1280%2C853&ssl=1","jetpack_sharing_enabled":true,"_links":{"self":[{"href":"https:\/\/cdnoticias.com\/index.php\/wp-json\/wp\/v2\/posts\/150134","targetHints":{"allow":["GET"]}}],"collection":[{"href":"https:\/\/cdnoticias.com\/index.php\/wp-json\/wp\/v2\/posts"}],"about":[{"href":"https:\/\/cdnoticias.com\/index.php\/wp-json\/wp\/v2\/types\/post"}],"author":[{"embeddable":true,"href":"https:\/\/cdnoticias.com\/index.php\/wp-json\/wp\/v2\/users\/96739694"}],"replies":[{"embeddable":true,"href":"https:\/\/cdnoticias.com\/index.php\/wp-json\/wp\/v2\/comments?post=150134"}],"version-history":[{"count":0,"href":"https:\/\/cdnoticias.com\/index.php\/wp-json\/wp\/v2\/posts\/150134\/revisions"}],"wp:featuredmedia":[{"embeddable":true,"href":"https:\/\/cdnoticias.com\/index.php\/wp-json\/wp\/v2\/media\/150135"}],"wp:attachment":[{"href":"https:\/\/cdnoticias.com\/index.php\/wp-json\/wp\/v2\/media?parent=150134"}],"wp:term":[{"taxonomy":"category","embeddable":true,"href":"https:\/\/cdnoticias.com\/index.php\/wp-json\/wp\/v2\/categories?post=150134"},{"taxonomy":"post_tag","embeddable":true,"href":"https:\/\/cdnoticias.com\/index.php\/wp-json\/wp\/v2\/tags?post=150134"}],"curies":[{"name":"wp","href":"https:\/\/api.w.org\/{rel}","templated":true}]}}