{"id":150115,"date":"2022-07-29T19:40:56","date_gmt":"2022-07-29T22:40:56","guid":{"rendered":"http:\/\/centraldeportes.com.ar\/?p=20097"},"modified":"2022-07-29T19:40:56","modified_gmt":"2022-07-29T22:40:56","slug":"torneo-apertura-hermanos-di-buono-dos-presidentes-suspendidos","status":"publish","type":"post","link":"https:\/\/cdnoticias.com\/index.php\/2022\/07\/29\/torneo-apertura-hermanos-di-buono-dos-presidentes-suspendidos\/","title":{"rendered":"Torneo Apertura &#8220;Hermanos Di Buono&#8221;: dos presidentes suspendidos"},"content":{"rendered":"<p>El Tribunal de Penas de la Liga de F\u00fatbol de Olavarr\u00eda dio a conocer las sanciones semanales y en ellas hay dos presidentes.<!--more--><\/p>\n<hr \/>\n<p>Ariel Arce y Roberto Vidal, presidentes de Hinojo y Ferro respectivamente fueron sancionados por el Tribunal de Penas por distintas situaciones vividas en dos cotejos del Torneo Apertura \u201cHermanos Di Buono\u201d.<\/p>\n<p>&nbsp;<\/p>\n<p>En el estreno de la competencia, donde Ferro se impuso 4 a 0 a Estudiantes, el mandam\u00e1s \u201cCarbonero\u201d hab\u00eda sido suspendido provisoriamente y esta semana se conoci\u00f3 que la sanci\u00f3n fue de 15 d\u00edas tras el informe presentado por Lisandro Rodr\u00edguez, \u00e1rbitro del cotejo.<\/p>\n<p>&nbsp;<\/p>\n<p>Por otro lado, en el cl\u00e1sico m\u00e1s convocante por el f\u00fatbol olavarriense, Sierra Chica derrot\u00f3 a Hinojo por 2 a 1 y la m\u00e1xima autoridad \u201calbiverde\u201d fue informado por la terna arbitral y deber\u00e1 estar 30 d\u00edas fuera de las canchas.<\/p>\n","protected":false},"excerpt":{"rendered":"<p>El Tribunal de Penas de la Liga de F\u00fatbol de Olavarr\u00eda dio a conocer las sanciones semanales y en ellas<\/p>\n","protected":false},"author":96739694,"featured_media":150116,"comment_status":"closed","ping_status":"closed","sticky":false,"template":"","format":"standard","meta":{"_jetpack_memberships_contains_paid_content":false,"footnotes":""},"categories":[35,1,41],"tags":[],"class_list":["post-150115","post","type-post","status-publish","format-standard","has-post-thumbnail","hentry","category-futbol","category-portada","category-primera-y-reserva"],"jetpack_featured_media_url":"https:\/\/i0.wp.com\/cdnoticias.com\/wp-content\/uploads\/2022\/07\/ferro-CD-A-e1659134411324.jpg?fit=800%2C474&ssl=1","jetpack_sharing_enabled":true,"_links":{"self":[{"href":"https:\/\/cdnoticias.com\/index.php\/wp-json\/wp\/v2\/posts\/150115","targetHints":{"allow":["GET"]}}],"collection":[{"href":"https:\/\/cdnoticias.com\/index.php\/wp-json\/wp\/v2\/posts"}],"about":[{"href":"https:\/\/cdnoticias.com\/index.php\/wp-json\/wp\/v2\/types\/post"}],"author":[{"embeddable":true,"href":"https:\/\/cdnoticias.com\/index.php\/wp-json\/wp\/v2\/users\/96739694"}],"replies":[{"embeddable":true,"href":"https:\/\/cdnoticias.com\/index.php\/wp-json\/wp\/v2\/comments?post=150115"}],"version-history":[{"count":0,"href":"https:\/\/cdnoticias.com\/index.php\/wp-json\/wp\/v2\/posts\/150115\/revisions"}],"wp:featuredmedia":[{"embeddable":true,"href":"https:\/\/cdnoticias.com\/index.php\/wp-json\/wp\/v2\/media\/150116"}],"wp:attachment":[{"href":"https:\/\/cdnoticias.com\/index.php\/wp-json\/wp\/v2\/media?parent=150115"}],"wp:term":[{"taxonomy":"category","embeddable":true,"href":"https:\/\/cdnoticias.com\/index.php\/wp-json\/wp\/v2\/categories?post=150115"},{"taxonomy":"post_tag","embeddable":true,"href":"https:\/\/cdnoticias.com\/index.php\/wp-json\/wp\/v2\/tags?post=150115"}],"curies":[{"name":"wp","href":"https:\/\/api.w.org\/{rel}","templated":true}]}}