{"id":150101,"date":"2022-07-30T16:16:23","date_gmt":"2022-07-30T19:16:23","guid":{"rendered":"http:\/\/centraldeportes.com.ar\/?p=20118"},"modified":"2022-07-30T16:16:23","modified_gmt":"2022-07-30T19:16:23","slug":"el-cavo-hizo-entrega-de-una-beca-a-los-atletas-fortineros","status":"publish","type":"post","link":"https:\/\/cdnoticias.com\/index.php\/2022\/07\/30\/el-cavo-hizo-entrega-de-una-beca-a-los-atletas-fortineros\/","title":{"rendered":"El CAVO hizo entrega de una beca a los atletas \u201cFortineros\u201d"},"content":{"rendered":"<p>D\u00edas atr\u00e1s, en la sede del C\u00edrculo de Atletas Veteranos de Olavarr\u00eda, se llev\u00f3 a cabo la entrega de una beca por parte de las autoridades a atletas \u201cFortineros\u201d.<!--more--><\/p>\n<hr \/>\n<p>El C\u00edrculo de Atletas Veteranos de Olavarr\u00eda hizo entrega de una ayuda econ\u00f3mica a los j\u00f3venes que practican atletismo en el Club Social y Deportivo el Fort\u00edn que se preparan para participar del Campeonato Nacional de Atletismo en la ciudad de Chaco.<\/p>\n<p>&nbsp;<\/p>\n<p>Desde el CAVO anunciaron que \u201ccelebramos el compromiso y el esfuerzo que realizan diariamente cada uno de los atletas y sus familias para poder contar con el dinero suficiente y levantar la bandera de Olavarr\u00eda en cada competencia que haya en nuestro pa\u00eds. Estamos convencidos que el aporte m\u00e1s importante que podamos realizar es alentando y ayudando a estos j\u00f3venes en formaci\u00f3n, atletas reconocidos en el campo del atletismo\u201d e invitaron a la reuni\u00f3n a Leandro Lanceta, presidente de la entidad del barrio Luj\u00e1n.<\/p>\n","protected":false},"excerpt":{"rendered":"<p>D\u00edas atr\u00e1s, en la sede del C\u00edrculo de Atletas Veteranos de Olavarr\u00eda, se llev\u00f3 a cabo la entrega de una<\/p>\n","protected":false},"author":96739694,"featured_media":150102,"comment_status":"closed","ping_status":"closed","sticky":false,"template":"","format":"standard","meta":{"_jetpack_memberships_contains_paid_content":false,"footnotes":""},"categories":[38,1],"tags":[],"class_list":["post-150101","post","type-post","status-publish","format-standard","has-post-thumbnail","hentry","category-pedestrismo","category-portada"],"jetpack_featured_media_url":"https:\/\/i0.wp.com\/cdnoticias.com\/wp-content\/uploads\/2022\/07\/415-1.jpg?fit=670%2C385&ssl=1","jetpack_sharing_enabled":true,"_links":{"self":[{"href":"https:\/\/cdnoticias.com\/index.php\/wp-json\/wp\/v2\/posts\/150101","targetHints":{"allow":["GET"]}}],"collection":[{"href":"https:\/\/cdnoticias.com\/index.php\/wp-json\/wp\/v2\/posts"}],"about":[{"href":"https:\/\/cdnoticias.com\/index.php\/wp-json\/wp\/v2\/types\/post"}],"author":[{"embeddable":true,"href":"https:\/\/cdnoticias.com\/index.php\/wp-json\/wp\/v2\/users\/96739694"}],"replies":[{"embeddable":true,"href":"https:\/\/cdnoticias.com\/index.php\/wp-json\/wp\/v2\/comments?post=150101"}],"version-history":[{"count":0,"href":"https:\/\/cdnoticias.com\/index.php\/wp-json\/wp\/v2\/posts\/150101\/revisions"}],"wp:featuredmedia":[{"embeddable":true,"href":"https:\/\/cdnoticias.com\/index.php\/wp-json\/wp\/v2\/media\/150102"}],"wp:attachment":[{"href":"https:\/\/cdnoticias.com\/index.php\/wp-json\/wp\/v2\/media?parent=150101"}],"wp:term":[{"taxonomy":"category","embeddable":true,"href":"https:\/\/cdnoticias.com\/index.php\/wp-json\/wp\/v2\/categories?post=150101"},{"taxonomy":"post_tag","embeddable":true,"href":"https:\/\/cdnoticias.com\/index.php\/wp-json\/wp\/v2\/tags?post=150101"}],"curies":[{"name":"wp","href":"https:\/\/api.w.org\/{rel}","templated":true}]}}