{"id":150080,"date":"2022-07-31T19:14:20","date_gmt":"2022-07-31T22:14:20","guid":{"rendered":"http:\/\/centraldeportes.com.ar\/?p=20190"},"modified":"2022-07-31T19:14:20","modified_gmt":"2022-07-31T22:14:20","slug":"ferro-y-racing-igualaron-sin-goles-en-el-domingo-colasurdo","status":"publish","type":"post","link":"https:\/\/cdnoticias.com\/index.php\/2022\/07\/31\/ferro-y-racing-igualaron-sin-goles-en-el-domingo-colasurdo\/","title":{"rendered":"Ferro y Racing igualaron sin goles en el \u201cDomingo Colasurdo\u201d"},"content":{"rendered":"<p>Fue 0 a 0 por la tercera fecha del Torneo Apertura de Primera Divisi\u00f3n. Adem\u00e1s, en el resto de la jornada, Loma Negra venci\u00f3 a Municipales mientras que Estudiantes y El Fort\u00edn terminaron en tablas.<!--more--><\/p>\n<hr \/>\n<p>Bajo un sol radiante en la tarde de este domingo, <strong>se jug\u00f3 parcialmente la tercera fecha del Apertura \u201cHermanos Di Buono\u201d<\/strong> en diferentes escenarios de la ciudad. Con buen marco de p\u00fablico en las dos hinchadas, <strong>Ferro y Racing no se sacaron diferencias y terminaron igualando 0 a 0 en el estadio \u201cDomingo Colasurdo\u201d<\/strong>.<\/p>\n<p>&nbsp;<\/p>\n<p>Justo empate en l\u00edneas generales. Si bien hubo mucha paridad en los primeros 45 minutos,<strong> el \u201cCarbonero\u201d fue un poco m\u00e1s en el complemento por llegadas pero no consigui\u00f3 vencer la valla defendida por Rold\u00e1n, la figura del encuentro<\/strong>.<\/p>\n<p>&nbsp;<\/p>\n<p><strong>El partido<\/strong>:<\/p>\n<p>&nbsp;<\/p>\n<p>Una jugada manifiesta de gol para cada uno en un primer tiempo muy parejo. La primera llegada peligrosa del cotejo fue para los de Peralta a los 4\u2019 con S\u00e1nchez como protagonista, quien tuvo la apertura del marcador en sus pies pero logr\u00f3 achicar r\u00e1pido el arquero \u201cChaira\u201d manteniendo el 0 en su arco.<\/p>\n<p>&nbsp;<\/p>\n<p>En el tiempo restante, ninguno fue m\u00e1s gravitante que otro y no hicieron trabajar demasiado a los arqueros. A los 29\u2019, avis\u00f3 Racing con una definici\u00f3n de media vuelta de Garabento que pas\u00f3 cerquita del palo derecho de \u00c1lvarez.<\/p>\n<p>&nbsp;<\/p>\n<p>[soliloquy slug=&#8221;ferro-racing-3&#8243;]<\/p>\n<p>&nbsp;<\/p>\n<p>El segundo tiempo tuvo un poco m\u00e1s de intensidad a diferencia del primero. A los 49\u2019, Santiago Izaguirre se encarg\u00f3 de trasladar un contragolpe y jug\u00f3 r\u00e1pido para Ca\u00f1ete, que enganch\u00f3 y sac\u00f3 un zurdazo que ataj\u00f3 posteriormente el arquero \u00c1lvarez.<\/p>\n<p>&nbsp;<\/p>\n<p>Tiempo despu\u00e9s, el \u201cCarbonero\u201d se acomod\u00f3 y en un lapso de 6 minutos tuvo\u00a0 dos chances para abrir el marcador. Primero a los 57\u2019, apareci\u00f3 nuevamente S\u00e1nchez quien defini\u00f3 a quemarropa con marca encima e hizo lucir a Rold\u00e1n que respondi\u00f3 con una notable atajada. Luego, a los 63\u2019, Mar\u00edn habilit\u00f3 a Ferrara y \u00e9ste defini\u00f3 por encima del arquero pero la pelota se perdi\u00f3 rozando el poste derecho.<\/p>\n<p>&nbsp;<\/p>\n<p>A pesar de que ambos t\u00e9cnicos movieron bastante el banco de suplentes, ninguno de los dos equipos logr\u00f3 quebrar el 0 en el resultado. <strong>De esta forma y con este empate, Racing se mantiene como l\u00edder del Apertura con 7 unidades junto a El Fort\u00edn, que tambi\u00e9n empato 0 a 0 con Estudiantes en el Parque Guerrero<\/strong>.<\/p>\n<p>&nbsp;<\/p>\n<p><strong>Por otro lado en Villa Alfredo Fortabat, Loma Negra, con goles de Ra\u00fal Tortorella y Agust\u00edn Gonz\u00e1lez, dio vuelta el resultado y le gan\u00f3 2 a 1 a Municipales. Juan Manuel Ponce hab\u00eda puesto en ventaja al conjunto de \u201cFatiga\u201d Russo<\/strong>.<\/p>\n<p>&nbsp;<\/p>\n<p>Vale recordar que fueron postergados los encuentros entre Hinojo \u2013 Luj\u00e1n (se juega el 21 de agosto) y Embajadores \u2013 Sierra Chica.<\/p>\n<p>&nbsp;<\/p>\n<p>S\u00edntesis Ferro Carril Sud \u2013 Racing:<\/p>\n<p><strong>Ferro Carril Sud (0): <\/strong>Hern\u00e1n \u00c1lvarez; Maximiliano Herrera, Horacio Balbuena, Enzo Su\u00e1rez, Mateo Tamagnini; Ram\u00f3n S\u00e1nchez (I. G\u00f3mez), Ger\u00f3nimo Candia (G. Borda), Leonel Duarte (E. Piecenti), Jonathan Penna (G. Rivas); Lorenzo Ferrara y Quimey Mar\u00edn. DT: Mauricio Peralta.<\/p>\n<p><strong>Racing (0):<\/strong> Gabino Rold\u00e1n; Ignacio Baldo, Nicol\u00e1s Grigera, Gonzalo Izaguirre, Ayrton Palmieri; Santiago Izaguirre, Manuel Scacheri, Mat\u00edas Ordozgoiti (A. Cataldi), Joel Gonz\u00e1lez (M. Montiel); Diego Ca\u00f1ete (F. Kolman) y Diego Garabento (P. Mujica). DT: Roberto Tucker.<\/p>\n<p><strong>Goles:<\/strong> No hubo.<\/p>\n<p><strong>Amonestados:<\/strong> Herrera, Su\u00e1rez y Borda (Ferro); Baldo, Cataldi y Montiel (Racing).<\/p>\n<p><strong>Expulsados:<\/strong> No hubo.<\/p>\n<p><strong>\u00c1rbitro:<\/strong> Nicol\u00e1s Rodr\u00edguez. <strong>Estadio:<\/strong> Domingo F. Colasurdo.<\/p>\n","protected":false},"excerpt":{"rendered":"<p>Fue 0 a 0 por la tercera fecha del Torneo Apertura de Primera Divisi\u00f3n. Adem\u00e1s, en el resto de la<\/p>\n","protected":false},"author":96739694,"featured_media":150083,"comment_status":"closed","ping_status":"closed","sticky":false,"template":"","format":"standard","meta":{"_jetpack_memberships_contains_paid_content":false,"footnotes":""},"categories":[35,1,41],"tags":[],"class_list":["post-150080","post","type-post","status-publish","format-standard","has-post-thumbnail","hentry","category-futbol","category-portada","category-primera-y-reserva"],"jetpack_featured_media_url":"https:\/\/i0.wp.com\/cdnoticias.com\/wp-content\/uploads\/2022\/07\/ferro-racing_6.jpg?fit=1280%2C853&ssl=1","jetpack_sharing_enabled":true,"_links":{"self":[{"href":"https:\/\/cdnoticias.com\/index.php\/wp-json\/wp\/v2\/posts\/150080","targetHints":{"allow":["GET"]}}],"collection":[{"href":"https:\/\/cdnoticias.com\/index.php\/wp-json\/wp\/v2\/posts"}],"about":[{"href":"https:\/\/cdnoticias.com\/index.php\/wp-json\/wp\/v2\/types\/post"}],"author":[{"embeddable":true,"href":"https:\/\/cdnoticias.com\/index.php\/wp-json\/wp\/v2\/users\/96739694"}],"replies":[{"embeddable":true,"href":"https:\/\/cdnoticias.com\/index.php\/wp-json\/wp\/v2\/comments?post=150080"}],"version-history":[{"count":0,"href":"https:\/\/cdnoticias.com\/index.php\/wp-json\/wp\/v2\/posts\/150080\/revisions"}],"wp:featuredmedia":[{"embeddable":true,"href":"https:\/\/cdnoticias.com\/index.php\/wp-json\/wp\/v2\/media\/150083"}],"wp:attachment":[{"href":"https:\/\/cdnoticias.com\/index.php\/wp-json\/wp\/v2\/media?parent=150080"}],"wp:term":[{"taxonomy":"category","embeddable":true,"href":"https:\/\/cdnoticias.com\/index.php\/wp-json\/wp\/v2\/categories?post=150080"},{"taxonomy":"post_tag","embeddable":true,"href":"https:\/\/cdnoticias.com\/index.php\/wp-json\/wp\/v2\/tags?post=150080"}],"curies":[{"name":"wp","href":"https:\/\/api.w.org\/{rel}","templated":true}]}}