{"id":150074,"date":"2022-07-31T22:09:32","date_gmt":"2022-08-01T01:09:32","guid":{"rendered":"http:\/\/centraldeportes.com.ar\/?p=20204"},"modified":"2022-07-31T22:09:32","modified_gmt":"2022-08-01T01:09:32","slug":"volvio-el-motociclismo-al-amco-y-pianciola-fue-11o-en-la-final","status":"publish","type":"post","link":"https:\/\/cdnoticias.com\/index.php\/2022\/07\/31\/volvio-el-motociclismo-al-amco-y-pianciola-fue-11o-en-la-final\/","title":{"rendered":"Volvi\u00f3 el motociclismo al AMCO y Pianciola fue 11\u00ba en la final"},"content":{"rendered":"<p>El aut\u00f3dromo \u201cHermanos Emiliozzi\u201d volvi\u00f3 a tener actividad de las dos ruedas con el Superbike Bonaerense que fiscaliza la Federaci\u00f3n Bonaerense de Motociclismo. Con cinco categor\u00edas presentes el p\u00fablico pudo disfrutar con entrada general gratuita de una gran jornada de domingo.<\/p>\n<p><!--more--><\/p>\n<hr \/>\n<p>Las motos de velocidad aceleraron en el aut\u00f3dromo local, y a pesar del grave accidente del s\u00e1bado, disputaron este domingo la Copa \u201cBomba Gerbasi\u201d, en homenaje a Gabriel Gerbasi, piloto que perdiera la vida en este aut\u00f3dromo en la competencia disputada en el 2018.<\/p>\n<p>&nbsp;<\/p>\n<p>La vuelta del Superbike le permiti\u00f3 a Facundo Pianciola regresar a la actividad, ya que el piloto olavarriense se coron\u00f3 campe\u00f3n en Moto 3 en el a\u00f1o 2018 y luego se present\u00f3 en alguna competencia en 2019 hasta \u201cbajarse\u201d de la moto.<\/p>\n<p>&nbsp;<\/p>\n<p>Tras alguna participaci\u00f3n en el zonal y en el karting, Facundo volvi\u00f3 a la moto este fin de semana, y si bien no cont\u00f3 con el presupuesto ideal para ser protagonista, termin\u00f3 conforme con el und\u00e9cimo lugar obtenido. Sobre todo porque el s\u00e1bado comenz\u00f3 en el puesto 18\u00ba de la clasificaci\u00f3n, avanz\u00f3 y fue s\u00e9ptimo en la serie y este domingo complet\u00f3 la final en un buen 11\u00ba lugar. El objetivo del olavarriense es reunir el presupuesto para poder continuar en actividad.<\/p>\n<p>&nbsp;<\/p>\n<p>[soliloquy slug=&#8221;motos&#8221;]<\/p>\n<p>&nbsp;<\/p>\n<p>En esta categor\u00eda Juan Ignacio Mendoza se qued\u00f3 con la victoria, s\u00f3lo a 14 mil\u00e9simas qued\u00f3 segundo Mat\u00edas Mulet, mientras que Facundo Casimiro complet\u00f3 el podio.<\/p>\n<p>&nbsp;<\/p>\n<p>La vedette del Superbike cont\u00f3 con s\u00f3lo siete protagonistas, pero sin lugar a dudas ver y sobre todo escuchar la potencia de la categor\u00eda Stock 1000 cc vale la pena. La victoria fue para Marcos Gioiosa, segundo fue Juan Carlos Cianciosi y Leonardo Ciuro ocup\u00f3 el tercer escal\u00f3n del podio. No se clasificaron por distintos problemas mec\u00e1nicos Federico Seren, Peluca Ram\u00edrez, Oscar Buglione y Rub\u00e9n Villalba.<\/p>\n<p>&nbsp;<\/p>\n<p>La categor\u00eda 110 tuvo a Patricio Celi como ganador, escoltado por Juan Sanguinetti y Lautaro Saccone.<\/p>\n<p>&nbsp;<\/p>\n<p>En la Stock 300 Pro se llev\u00f3 el triunfo Nahuel Santamar\u00eda, en un final apretado con Agust\u00edn Salazar y Eric Ferre, que fue tercero.<\/p>\n<p>&nbsp;<\/p>\n<p>La divisional Stock 600 tuvo a Ariel Ram\u00edrez como vencedor indiscutido, le sac\u00f3 una gran diferencia a su escolta, Marcelo Varbaro, mientras que Pablo Ramos se ubic\u00f3 en el \u00faltimo escal\u00f3n del podio.<\/p>\n","protected":false},"excerpt":{"rendered":"<p>El aut\u00f3dromo \u201cHermanos Emiliozzi\u201d volvi\u00f3 a tener actividad de las dos ruedas con el Superbike Bonaerense que fiscaliza la Federaci\u00f3n<\/p>\n","protected":false},"author":96739694,"featured_media":150075,"comment_status":"closed","ping_status":"closed","sticky":false,"template":"","format":"standard","meta":{"_jetpack_memberships_contains_paid_content":false,"footnotes":""},"categories":[30,1],"tags":[],"class_list":["post-150074","post","type-post","status-publish","format-standard","has-post-thumbnail","hentry","category-polideportivo","category-portada"],"jetpack_featured_media_url":"https:\/\/i0.wp.com\/cdnoticias.com\/wp-content\/uploads\/2022\/07\/motos-9.jpeg?fit=1600%2C1066&ssl=1","jetpack_sharing_enabled":true,"_links":{"self":[{"href":"https:\/\/cdnoticias.com\/index.php\/wp-json\/wp\/v2\/posts\/150074","targetHints":{"allow":["GET"]}}],"collection":[{"href":"https:\/\/cdnoticias.com\/index.php\/wp-json\/wp\/v2\/posts"}],"about":[{"href":"https:\/\/cdnoticias.com\/index.php\/wp-json\/wp\/v2\/types\/post"}],"author":[{"embeddable":true,"href":"https:\/\/cdnoticias.com\/index.php\/wp-json\/wp\/v2\/users\/96739694"}],"replies":[{"embeddable":true,"href":"https:\/\/cdnoticias.com\/index.php\/wp-json\/wp\/v2\/comments?post=150074"}],"version-history":[{"count":0,"href":"https:\/\/cdnoticias.com\/index.php\/wp-json\/wp\/v2\/posts\/150074\/revisions"}],"wp:featuredmedia":[{"embeddable":true,"href":"https:\/\/cdnoticias.com\/index.php\/wp-json\/wp\/v2\/media\/150075"}],"wp:attachment":[{"href":"https:\/\/cdnoticias.com\/index.php\/wp-json\/wp\/v2\/media?parent=150074"}],"wp:term":[{"taxonomy":"category","embeddable":true,"href":"https:\/\/cdnoticias.com\/index.php\/wp-json\/wp\/v2\/categories?post=150074"},{"taxonomy":"post_tag","embeddable":true,"href":"https:\/\/cdnoticias.com\/index.php\/wp-json\/wp\/v2\/tags?post=150074"}],"curies":[{"name":"wp","href":"https:\/\/api.w.org\/{rel}","templated":true}]}}