{"id":150062,"date":"2022-07-26T18:13:06","date_gmt":"2022-07-26T21:13:06","guid":{"rendered":"http:\/\/centraldeportes.com.ar\/?p=20029"},"modified":"2025-02-14T00:22:38","modified_gmt":"2025-02-14T03:22:38","slug":"ciclista-juninense-se-reforzo-con-marcos-risso","status":"publish","type":"post","link":"https:\/\/cdnoticias.com\/index.php\/2022\/07\/26\/ciclista-juninense-se-reforzo-con-marcos-risso\/","title":{"rendered":"Ciclista Juninense se reforz\u00f3 con Marcos Risso"},"content":{"rendered":"<p>Marcos Risso se transform\u00f3 en refuerzo de Ciclista Juninense para la venidera edici\u00f3n de La Liga Argentina.<!--more--><\/p>\n<hr \/>\n<p>&nbsp;<\/p>\n<p>Los equipos que participan de la segunda categor\u00eda del b\u00e1squet argentino se arman para una nueva temporada y en Ciclista Juninense confirmaron a Marcos Risso, que llega proveniente de Gimnasia y Esgrima.<\/p>\n<p>&nbsp;<\/p>\n<p>El deportista surgido en Racing se desempe\u00f1a como base y ocupar\u00e1 una de las fichas U23 en el plantel de Jun\u00edn que seguir\u00e1 siendo conducido por Daniel Jaule y ya tiene 8 fichas confirmadas.<\/p>\n","protected":false},"excerpt":{"rendered":"<p>Marcos Risso se transform\u00f3 en refuerzo de Ciclista Juninense para la venidera edici\u00f3n de La Liga Argentina.<\/p>\n","protected":false},"author":96739694,"featured_media":146000,"comment_status":"closed","ping_status":"closed","sticky":false,"template":"","format":"standard","meta":{"_jetpack_memberships_contains_paid_content":false,"footnotes":""},"categories":[31,32,1],"tags":[],"class_list":["post-150062","post","type-post","status-publish","format-standard","has-post-thumbnail","hentry","category-basquet","category-liga-argentina","category-portada"],"jetpack_featured_media_url":"https:\/\/i0.wp.com\/cdnoticias.com\/wp-content\/uploads\/2022\/01\/gelp_72.jpg?fit=833%2C610&ssl=1","jetpack_sharing_enabled":true,"_links":{"self":[{"href":"https:\/\/cdnoticias.com\/index.php\/wp-json\/wp\/v2\/posts\/150062","targetHints":{"allow":["GET"]}}],"collection":[{"href":"https:\/\/cdnoticias.com\/index.php\/wp-json\/wp\/v2\/posts"}],"about":[{"href":"https:\/\/cdnoticias.com\/index.php\/wp-json\/wp\/v2\/types\/post"}],"author":[{"embeddable":true,"href":"https:\/\/cdnoticias.com\/index.php\/wp-json\/wp\/v2\/users\/96739694"}],"replies":[{"embeddable":true,"href":"https:\/\/cdnoticias.com\/index.php\/wp-json\/wp\/v2\/comments?post=150062"}],"version-history":[{"count":0,"href":"https:\/\/cdnoticias.com\/index.php\/wp-json\/wp\/v2\/posts\/150062\/revisions"}],"wp:featuredmedia":[{"embeddable":true,"href":"https:\/\/cdnoticias.com\/index.php\/wp-json\/wp\/v2\/media\/146000"}],"wp:attachment":[{"href":"https:\/\/cdnoticias.com\/index.php\/wp-json\/wp\/v2\/media?parent=150062"}],"wp:term":[{"taxonomy":"category","embeddable":true,"href":"https:\/\/cdnoticias.com\/index.php\/wp-json\/wp\/v2\/categories?post=150062"},{"taxonomy":"post_tag","embeddable":true,"href":"https:\/\/cdnoticias.com\/index.php\/wp-json\/wp\/v2\/tags?post=150062"}],"curies":[{"name":"wp","href":"https:\/\/api.w.org\/{rel}","templated":true}]}}