{"id":149965,"date":"2022-07-18T18:22:52","date_gmt":"2022-07-18T21:22:52","guid":{"rendered":"http:\/\/centraldeportes.com.ar\/?p=19782"},"modified":"2022-07-18T18:22:52","modified_gmt":"2022-07-18T21:22:52","slug":"los-lobitos-fueron-segundos-en-carhue","status":"publish","type":"post","link":"https:\/\/cdnoticias.com\/index.php\/2022\/07\/18\/los-lobitos-fueron-segundos-en-carhue\/","title":{"rendered":"Los Lobitos fueron segundos en Carhu\u00e9"},"content":{"rendered":"<p>\u201cLos Lobitos\u201d se presentaron por la 3\u00b0 Fecha del Regional Centro logrando el subcampeonato.<!--more--><\/p>\n<hr \/>\n<p>El equipo representante de Pueblo Nuevo cumpli\u00f3 una muy buena actuaci\u00f3n el pasado s\u00e1bado en la competencia que iniciaron con derrota ante La Madrid por 15\/12 y 15\/10.<\/p>\n<p>&nbsp;<\/p>\n<p>Luego, con 4 mujeres en cancha por falta de defensores, vencieron a Carhu\u00e9 15\/8 y 15\/4, a Daireaux por 15\/6 11\/15 y 10\/5 y por \u00faltimo a Laprida 15\/11 y 15\/8.<\/p>\n<p>&nbsp;<\/p>\n<p>La clasificaci\u00f3n que\u00a0 se tom\u00f3 en cuenta el resultado en todos contra todos los ubic\u00f3 segundos en la general y en la sumatoria de torneos, se ubican en la tercera posici\u00f3n.<\/p>\n<p>&nbsp;<\/p>\n","protected":false},"excerpt":{"rendered":"<p>\u201cLos Lobitos\u201d se presentaron por la 3\u00b0 Fecha del Regional Centro logrando el subcampeonato.<\/p>\n","protected":false},"author":96739694,"featured_media":149966,"comment_status":"closed","ping_status":"closed","sticky":false,"template":"","format":"standard","meta":{"_jetpack_memberships_contains_paid_content":false,"footnotes":""},"categories":[30,1],"tags":[],"class_list":["post-149965","post","type-post","status-publish","format-standard","has-post-thumbnail","hentry","category-polideportivo","category-portada"],"jetpack_featured_media_url":"https:\/\/i0.wp.com\/cdnoticias.com\/wp-content\/uploads\/2022\/07\/WhatsApp-Image-2022-07-16-at-8.49.41-PM.jpeg?fit=1026%2C982&ssl=1","jetpack_sharing_enabled":true,"_links":{"self":[{"href":"https:\/\/cdnoticias.com\/index.php\/wp-json\/wp\/v2\/posts\/149965","targetHints":{"allow":["GET"]}}],"collection":[{"href":"https:\/\/cdnoticias.com\/index.php\/wp-json\/wp\/v2\/posts"}],"about":[{"href":"https:\/\/cdnoticias.com\/index.php\/wp-json\/wp\/v2\/types\/post"}],"author":[{"embeddable":true,"href":"https:\/\/cdnoticias.com\/index.php\/wp-json\/wp\/v2\/users\/96739694"}],"replies":[{"embeddable":true,"href":"https:\/\/cdnoticias.com\/index.php\/wp-json\/wp\/v2\/comments?post=149965"}],"version-history":[{"count":0,"href":"https:\/\/cdnoticias.com\/index.php\/wp-json\/wp\/v2\/posts\/149965\/revisions"}],"wp:featuredmedia":[{"embeddable":true,"href":"https:\/\/cdnoticias.com\/index.php\/wp-json\/wp\/v2\/media\/149966"}],"wp:attachment":[{"href":"https:\/\/cdnoticias.com\/index.php\/wp-json\/wp\/v2\/media?parent=149965"}],"wp:term":[{"taxonomy":"category","embeddable":true,"href":"https:\/\/cdnoticias.com\/index.php\/wp-json\/wp\/v2\/categories?post=149965"},{"taxonomy":"post_tag","embeddable":true,"href":"https:\/\/cdnoticias.com\/index.php\/wp-json\/wp\/v2\/tags?post=149965"}],"curies":[{"name":"wp","href":"https:\/\/api.w.org\/{rel}","templated":true}]}}