{"id":14996,"date":"2021-02-28T20:21:32","date_gmt":"2021-02-28T23:21:32","guid":{"rendered":"http:\/\/www.centraldenoticias.com.ar\/?p=14996"},"modified":"2021-02-28T23:58:26","modified_gmt":"2021-03-01T02:58:26","slug":"bolivar-estaba-con-libertad-condicional-e-intento-matar-a-su-ex-pareja","status":"publish","type":"post","link":"https:\/\/cdnoticias.com\/index.php\/2021\/02\/28\/bolivar-estaba-con-libertad-condicional-e-intento-matar-a-su-ex-pareja\/","title":{"rendered":"Bol\u00edvar: lo detuvieron por intentar matar a su ex pareja"},"content":{"rendered":"<p>En las \u00faltimas horas un joven fue detenido tras una orden emitida desde el Juzgado de Garant\u00edas de nuestra ciudad. La v\u00edctima, una adolescente, result\u00f3 con diversas heridas.<!--more--><\/p>\n<hr \/>\n<p>En las \u00faltimas horas personal policial de Bol\u00edvar concret\u00f3 la detenci\u00f3n de un joven, a quien se lo acusa, entre otra serie de delitos, de <strong>intentar matar a su ex pareja, una adolescente que logr\u00f3 defenderse de las agresiones, pero igualmente result\u00f3 con diversas lesiones tras el ataque.<\/strong><\/p>\n<p>&nbsp;<\/p>\n<p>Fue el Juzgado de Garant\u00edas olavarriense, m\u00e1s precisamente el N\u00b0 1 de la doctora Fabiana San Rom\u00e1n, el que acompa\u00f1\u00f3 el pedido de detenci\u00f3n llevado adelante por la fiscal de la vecina ciudad, la doctora Julia Mar\u00eda Sebastian, en contra de Isa\u00edas Samuel G\u00f3mez, quien se encuentra acusado por los delitos de <strong>\u201camenazas calificadas por el uso de arma de fuego, portaci\u00f3n ilegal de arma de fuego de uso civil y abuso de arma calificado y homicidio calificado (femicidio) en grado de tentativa\u201d.<\/strong><\/p>\n<p>&nbsp;<\/p>\n<p>Se trata de, al menos, dos hechos que se registraron d\u00edas atr\u00e1s, en ambos teniendo como v\u00edctima una adolescente a la que <strong>ten\u00eda prohibido acercarse<\/strong> tras una resoluci\u00f3n emitida desde el Juzgado de Paz. Sin embargo, <strong>se present\u00f3 en el domicilio de su ex pareja y la atac\u00f3 con un arma blanca.<\/strong><\/p>\n<p>&nbsp;<\/p>\n<p>A la par, seg\u00fan narraron medios de la vecina ciudad, <b>el hombre en 2011 hab\u00eda sido condenado por un homicidio.<\/b><\/p>\n<p>Fuente <a href=\"https:\/\/www.diariolamanana.com.ar\/index.php\/show\/news\/10492\/Policiales\/february-28-2021\/Detuvieron-a-un-bolivarense-por-intento-de-femicidio-contra-su-ex-pareja\" target=\"_blank\" rel=\"noopener\">Diario La Ma\u00f1ana de Bol\u00edvar<\/a><\/p>\n","protected":false},"excerpt":{"rendered":"<p>En las \u00faltimas horas un joven fue detenido tras una orden emitida desde el Juzgado de Garant\u00edas de nuestra ciudad.<\/p>\n","protected":false},"author":3,"featured_media":14997,"comment_status":"closed","ping_status":"closed","sticky":false,"template":"","format":"standard","meta":{"_jetpack_memberships_contains_paid_content":false,"footnotes":""},"categories":[6,1],"tags":[],"class_list":["post-14996","post","type-post","status-publish","format-standard","has-post-thumbnail","hentry","category-nacionales","category-portada"],"jetpack_featured_media_url":"https:\/\/i0.wp.com\/cdnoticias.com\/wp-content\/uploads\/2021\/02\/bolivar.jpg?fit=775%2C410&ssl=1","jetpack_sharing_enabled":true,"_links":{"self":[{"href":"https:\/\/cdnoticias.com\/index.php\/wp-json\/wp\/v2\/posts\/14996","targetHints":{"allow":["GET"]}}],"collection":[{"href":"https:\/\/cdnoticias.com\/index.php\/wp-json\/wp\/v2\/posts"}],"about":[{"href":"https:\/\/cdnoticias.com\/index.php\/wp-json\/wp\/v2\/types\/post"}],"author":[{"embeddable":true,"href":"https:\/\/cdnoticias.com\/index.php\/wp-json\/wp\/v2\/users\/3"}],"replies":[{"embeddable":true,"href":"https:\/\/cdnoticias.com\/index.php\/wp-json\/wp\/v2\/comments?post=14996"}],"version-history":[{"count":0,"href":"https:\/\/cdnoticias.com\/index.php\/wp-json\/wp\/v2\/posts\/14996\/revisions"}],"wp:featuredmedia":[{"embeddable":true,"href":"https:\/\/cdnoticias.com\/index.php\/wp-json\/wp\/v2\/media\/14997"}],"wp:attachment":[{"href":"https:\/\/cdnoticias.com\/index.php\/wp-json\/wp\/v2\/media?parent=14996"}],"wp:term":[{"taxonomy":"category","embeddable":true,"href":"https:\/\/cdnoticias.com\/index.php\/wp-json\/wp\/v2\/categories?post=14996"},{"taxonomy":"post_tag","embeddable":true,"href":"https:\/\/cdnoticias.com\/index.php\/wp-json\/wp\/v2\/tags?post=14996"}],"curies":[{"name":"wp","href":"https:\/\/api.w.org\/{rel}","templated":true}]}}