{"id":149955,"date":"2022-07-18T21:26:07","date_gmt":"2022-07-19T00:26:07","guid":{"rendered":"http:\/\/centraldeportes.com.ar\/?p=19810"},"modified":"2022-07-18T21:26:07","modified_gmt":"2022-07-19T00:26:07","slug":"alejandro-weimann-llego-19-en-posadas","status":"publish","type":"post","link":"https:\/\/cdnoticias.com\/index.php\/2022\/07\/18\/alejandro-weimann-llego-19-en-posadas\/","title":{"rendered":"Alejandro Weimann lleg\u00f3 19\u00b0 en Posadas"},"content":{"rendered":"<p>El TC Pista visit\u00f3 la provincia de Misiones para disputar la octava fecha del torneo y fue victoria para Otto Fritzler, el olavarriense \u201cBebo\u201d Weimann avanz\u00f3 hasta el puesto 19\u00ba.<!--more--><\/p>\n<hr \/>\n<p>El TC Pista visit\u00f3 el aut\u00f3dromo \u201cRosamonte\u201d de la ciudad de Posadas para disputar la octava fecha del torneo, y nadie pudo con Otto Fritzler, que gan\u00f3 de punta a punta y consigui\u00f3 su tercera victoria en el a\u00f1o.<\/p>\n<p>&nbsp;<\/p>\n<p>Mart\u00edn V\u00e1zquez larg\u00f3 en primera fila y se mantuvo como escolta, pero nunca pudo superar al l\u00edder, pese a todos los intentos se tuvo que conformar con el segundo lugar. Agust\u00edn De Brabandere ocup\u00f3 el tercer escal\u00f3n del podio.<\/p>\n<p>&nbsp;<\/p>\n<p>Para Alejandro Weimann termin\u00f3 siendo una buena final. El olavarriense no tuvo una buena clasificaci\u00f3n (35\u00ba) producto de tocarle una mala situaci\u00f3n de pista por el clima que toc\u00f3 en su grupo. A la hora de la serie arrib\u00f3 en el puesto 12\u00ba y parti\u00f3 la final desde el puesto 23\u00ba.<\/p>\n<p>&nbsp;<\/p>\n<p>Logr\u00f3 avanzar algunas posiciones y mantenerse en la lucha para ver la bandera a cuadros en el 19\u00ba lugar final.<\/p>\n<p>&nbsp;<\/p>\n<p>La pr\u00f3xima fecha de la categor\u00eda ser\u00e1 el 7 de agosto en San Juan Villicun.<\/p>\n","protected":false},"excerpt":{"rendered":"<p>El TC Pista visit\u00f3 la provincia de Misiones para disputar la octava fecha del torneo y fue victoria para Otto<\/p>\n","protected":false},"author":96739694,"featured_media":149956,"comment_status":"closed","ping_status":"closed","sticky":false,"template":"","format":"standard","meta":{"_jetpack_memberships_contains_paid_content":false,"footnotes":""},"categories":[34,1,48],"tags":[],"class_list":["post-149955","post","type-post","status-publish","format-standard","has-post-thumbnail","hentry","category-automovilismo","category-portada","category-tc-pista"],"jetpack_featured_media_url":"https:\/\/i0.wp.com\/cdnoticias.com\/wp-content\/uploads\/2022\/07\/WhatsApp-Image-2022-07-18-at-9.17.28-PM.jpeg?fit=1280%2C913&ssl=1","jetpack_sharing_enabled":true,"_links":{"self":[{"href":"https:\/\/cdnoticias.com\/index.php\/wp-json\/wp\/v2\/posts\/149955","targetHints":{"allow":["GET"]}}],"collection":[{"href":"https:\/\/cdnoticias.com\/index.php\/wp-json\/wp\/v2\/posts"}],"about":[{"href":"https:\/\/cdnoticias.com\/index.php\/wp-json\/wp\/v2\/types\/post"}],"author":[{"embeddable":true,"href":"https:\/\/cdnoticias.com\/index.php\/wp-json\/wp\/v2\/users\/96739694"}],"replies":[{"embeddable":true,"href":"https:\/\/cdnoticias.com\/index.php\/wp-json\/wp\/v2\/comments?post=149955"}],"version-history":[{"count":0,"href":"https:\/\/cdnoticias.com\/index.php\/wp-json\/wp\/v2\/posts\/149955\/revisions"}],"wp:featuredmedia":[{"embeddable":true,"href":"https:\/\/cdnoticias.com\/index.php\/wp-json\/wp\/v2\/media\/149956"}],"wp:attachment":[{"href":"https:\/\/cdnoticias.com\/index.php\/wp-json\/wp\/v2\/media?parent=149955"}],"wp:term":[{"taxonomy":"category","embeddable":true,"href":"https:\/\/cdnoticias.com\/index.php\/wp-json\/wp\/v2\/categories?post=149955"},{"taxonomy":"post_tag","embeddable":true,"href":"https:\/\/cdnoticias.com\/index.php\/wp-json\/wp\/v2\/tags?post=149955"}],"curies":[{"name":"wp","href":"https:\/\/api.w.org\/{rel}","templated":true}]}}