{"id":149953,"date":"2022-07-19T11:57:02","date_gmt":"2022-07-19T14:57:02","guid":{"rendered":"http:\/\/centraldeportes.com.ar\/?p=19813"},"modified":"2022-07-19T11:57:02","modified_gmt":"2022-07-19T14:57:02","slug":"racing-oficializo-la-llegada-de-manuel-montiel","status":"publish","type":"post","link":"https:\/\/cdnoticias.com\/index.php\/2022\/07\/19\/racing-oficializo-la-llegada-de-manuel-montiel\/","title":{"rendered":"Racing oficializ\u00f3 la llegada de Manuel Montiel"},"content":{"rendered":"<p>El delantero, que viene de jugar en Argentino de 25 de Mayo, se suma al \u201cChaira\u201d para disputar el campeonato local y el Torneo Regional Amateur.<!--more--><\/p>\n<hr \/>\n<p>Durante la tarde del pasado lunes, la Comisi\u00f3n Directiva de Racing anunci\u00f3 la llegada de un nuevo refuerzo para la instituci\u00f3n. <strong>Se trata de Manuel Montiel, quien vestir\u00e1 la camiseta \u201cChaira\u201d para jugar el certamen dom\u00e9stico y la pr\u00f3xima edici\u00f3n del Federal Amateur<\/strong>.<\/p>\n<p>&nbsp;<\/p>\n<p><strong>El delantero de 33 a\u00f1os, con experiencia en Torneos Regionales, viene de jugar en Argentino de 25 de Mayo<\/strong>, equipo que se cruz\u00f3 con Ferro y que disput\u00f3 la final con Embajadores (le convirti\u00f3) en el anterior Torneo de la Federaci\u00f3n Bonaerense Pampeana.<\/p>\n<p>&nbsp;<\/p>\n<p><strong>Foto:<\/strong> Facebook\u00a0 &#8211; Manuel Montiel.<\/p>\n","protected":false},"excerpt":{"rendered":"<p>El delantero, que viene de jugar en Argentino de 25 de Mayo, se suma al \u201cChaira\u201d para disputar el campeonato<\/p>\n","protected":false},"author":96739694,"featured_media":149954,"comment_status":"closed","ping_status":"closed","sticky":false,"template":"","format":"standard","meta":{"_jetpack_memberships_contains_paid_content":false,"footnotes":""},"categories":[35,1,41],"tags":[],"class_list":["post-149953","post","type-post","status-publish","format-standard","has-post-thumbnail","hentry","category-futbol","category-portada","category-primera-y-reserva"],"jetpack_featured_media_url":"https:\/\/i0.wp.com\/cdnoticias.com\/wp-content\/uploads\/2022\/07\/Manuel-Montiel-2.jpg?fit=720%2C476&ssl=1","jetpack_sharing_enabled":true,"_links":{"self":[{"href":"https:\/\/cdnoticias.com\/index.php\/wp-json\/wp\/v2\/posts\/149953","targetHints":{"allow":["GET"]}}],"collection":[{"href":"https:\/\/cdnoticias.com\/index.php\/wp-json\/wp\/v2\/posts"}],"about":[{"href":"https:\/\/cdnoticias.com\/index.php\/wp-json\/wp\/v2\/types\/post"}],"author":[{"embeddable":true,"href":"https:\/\/cdnoticias.com\/index.php\/wp-json\/wp\/v2\/users\/96739694"}],"replies":[{"embeddable":true,"href":"https:\/\/cdnoticias.com\/index.php\/wp-json\/wp\/v2\/comments?post=149953"}],"version-history":[{"count":0,"href":"https:\/\/cdnoticias.com\/index.php\/wp-json\/wp\/v2\/posts\/149953\/revisions"}],"wp:featuredmedia":[{"embeddable":true,"href":"https:\/\/cdnoticias.com\/index.php\/wp-json\/wp\/v2\/media\/149954"}],"wp:attachment":[{"href":"https:\/\/cdnoticias.com\/index.php\/wp-json\/wp\/v2\/media?parent=149953"}],"wp:term":[{"taxonomy":"category","embeddable":true,"href":"https:\/\/cdnoticias.com\/index.php\/wp-json\/wp\/v2\/categories?post=149953"},{"taxonomy":"post_tag","embeddable":true,"href":"https:\/\/cdnoticias.com\/index.php\/wp-json\/wp\/v2\/tags?post=149953"}],"curies":[{"name":"wp","href":"https:\/\/api.w.org\/{rel}","templated":true}]}}