{"id":149908,"date":"2022-07-15T18:26:25","date_gmt":"2022-07-15T21:26:25","guid":{"rendered":"http:\/\/centraldeportes.com.ar\/?p=19480"},"modified":"2022-07-15T18:26:25","modified_gmt":"2022-07-15T21:26:25","slug":"el-fortin-realizo-el-lanzamiento-de-torneo-de-invierno-campeones-del-62","status":"publish","type":"post","link":"https:\/\/cdnoticias.com\/index.php\/2022\/07\/15\/el-fortin-realizo-el-lanzamiento-de-torneo-de-invierno-campeones-del-62\/","title":{"rendered":"El Fort\u00edn realiz\u00f3 el lanzamiento de Torneo de Invierno \u201cCampeones del \u00b462&#8243;"},"content":{"rendered":"<p>Pasado el mediod\u00eda en instalaciones del Club El Fort\u00edn se llevo a cabo el lanzamiento oficial del\u00a0 16\u00b0 Torneo de Invierno que en esta ocasi\u00f3n lleva el nombre de &#8220;Campeones del 62&#8221; y est\u00e1 reservado para futbolistas nacidos en 2011, 2012 y 2013.<!--more--><\/p>\n<hr \/>\n<p>La conferencia de prensa la encabez\u00f3 el vicepresidente Carlos Veneciano y estuvieron el coordinador de f\u00fatbol Alejandro Angladette y 5 integrantes del primer equipo que logr\u00f3 un t\u00edtulo en forma oficial, M\u00e1ximo Barrionuevo, Pedro Silva, Hugo Fern\u00e1ndez, Pedro Ram\u00edrez y Oscar \u00c1lvarez.<\/p>\n<p>&nbsp;<\/p>\n<p>En el comienzo del lanzamiento, el vicepresidente les dio la bienvenida a los presentes y resalt\u00f3 la necesidad de tener este tipo de torneos en la ciudad y posteriormente, Angladette dio detalles del torneo que estar\u00e1 arrancando el d\u00eda lunes 18 en el predio de la avenida Pellegrini desde las 11:00 y en la cancha de la avenida Urquiza desde las 13:00.<\/p>\n<p>&nbsp;<\/p>\n<p>\u201cLlevamos dos a\u00f1os de parate por pandemia y hoy estamos contentos de volver a realizar este torneo. Esperemos que el tiempo y las familias nos acompa\u00f1en\u201d, sostuvo el profesores que indic\u00f3 que las categor\u00edas que participan son la 2011 que ser\u00e1 la principal y jugar\u00e1 f\u00fatbol 11, 2012 -f\u00fatbol 9- y 2013 -f\u00fatbol 7-.<\/p>\n","protected":false},"excerpt":{"rendered":"<p>Pasado el mediod\u00eda en instalaciones del Club El Fort\u00edn se llevo a cabo el lanzamiento oficial del\u00a0 16\u00b0 Torneo de<\/p>\n","protected":false},"author":96739694,"featured_media":149909,"comment_status":"closed","ping_status":"closed","sticky":false,"template":"","format":"standard","meta":{"_jetpack_memberships_contains_paid_content":false,"footnotes":""},"categories":[35,40,1],"tags":[],"class_list":["post-149908","post","type-post","status-publish","format-standard","has-post-thumbnail","hentry","category-futbol","category-inferiores","category-portada"],"jetpack_featured_media_url":"https:\/\/i0.wp.com\/cdnoticias.com\/wp-content\/uploads\/2022\/07\/WhatsApp-Image-2022-07-15-at-6.13.45-PM.jpeg?fit=800%2C445&ssl=1","jetpack_sharing_enabled":true,"_links":{"self":[{"href":"https:\/\/cdnoticias.com\/index.php\/wp-json\/wp\/v2\/posts\/149908","targetHints":{"allow":["GET"]}}],"collection":[{"href":"https:\/\/cdnoticias.com\/index.php\/wp-json\/wp\/v2\/posts"}],"about":[{"href":"https:\/\/cdnoticias.com\/index.php\/wp-json\/wp\/v2\/types\/post"}],"author":[{"embeddable":true,"href":"https:\/\/cdnoticias.com\/index.php\/wp-json\/wp\/v2\/users\/96739694"}],"replies":[{"embeddable":true,"href":"https:\/\/cdnoticias.com\/index.php\/wp-json\/wp\/v2\/comments?post=149908"}],"version-history":[{"count":0,"href":"https:\/\/cdnoticias.com\/index.php\/wp-json\/wp\/v2\/posts\/149908\/revisions"}],"wp:featuredmedia":[{"embeddable":true,"href":"https:\/\/cdnoticias.com\/index.php\/wp-json\/wp\/v2\/media\/149909"}],"wp:attachment":[{"href":"https:\/\/cdnoticias.com\/index.php\/wp-json\/wp\/v2\/media?parent=149908"}],"wp:term":[{"taxonomy":"category","embeddable":true,"href":"https:\/\/cdnoticias.com\/index.php\/wp-json\/wp\/v2\/categories?post=149908"},{"taxonomy":"post_tag","embeddable":true,"href":"https:\/\/cdnoticias.com\/index.php\/wp-json\/wp\/v2\/tags?post=149908"}],"curies":[{"name":"wp","href":"https:\/\/api.w.org\/{rel}","templated":true}]}}