{"id":149907,"date":"2022-07-15T19:45:10","date_gmt":"2022-07-15T22:45:10","guid":{"rendered":"http:\/\/centraldeportes.com.ar\/?p=19485"},"modified":"2022-07-15T19:45:10","modified_gmt":"2022-07-15T22:45:10","slug":"lorena-agoutborde-no-pelea-en-cordoba","status":"publish","type":"post","link":"https:\/\/cdnoticias.com\/index.php\/2022\/07\/15\/lorena-agoutborde-no-pelea-en-cordoba\/","title":{"rendered":"Lorena Agoutborde no pelea en C\u00f3rdoba"},"content":{"rendered":"<p>Lorena Agoutborde no se presentar\u00e1 este viernes en C\u00f3rdoba seg\u00fan informaron desde la organizaci\u00f3n del Festival.<!--more--><\/p>\n<hr \/>\n<p>La promotora cordobesa San Miguel inform\u00f3 que finalmente la boxeadora olavarriense Lorena Agoutborde no ser\u00e1 la rival de Lucrecia Arrieta, en el combate que se iba a realizar este viernes en la localidad de Huanchilla.<\/p>\n<p>&nbsp;<\/p>\n<p>Aunque &#8220;La M\u00e1quina&#8221; Agoutborde viaj\u00f3 a la sede del combate y cumpli\u00f3 con lo acordado, un malentendido en el kilaje pactado hizo que ayer jueves hubiera una diferencia de peso en el momento de subirse a la b\u00e1scula, lo que gener\u00f3 que se cayera el combate. Ahora, Arrieta se medir\u00e1 con Eliana Orecchia.<\/p>\n<p>&nbsp;<\/p>\n<p>Pese a decepci\u00f3n por el largo viaje y regresar sin poder combatir, desde el equipo de Agoutborde y su entrenador Enrique Barrag\u00e1n destacaron la atenci\u00f3n brindada por el promotor cordob\u00e9s Carlos San Miguel.<\/p>\n","protected":false},"excerpt":{"rendered":"<p>Lorena Agoutborde no se presentar\u00e1 este viernes en C\u00f3rdoba seg\u00fan informaron desde la organizaci\u00f3n del Festival.<\/p>\n","protected":false},"author":96739694,"featured_media":148850,"comment_status":"closed","ping_status":"closed","sticky":false,"template":"","format":"standard","meta":{"_jetpack_memberships_contains_paid_content":false,"footnotes":""},"categories":[30,1],"tags":[],"class_list":["post-149907","post","type-post","status-publish","format-standard","has-post-thumbnail","hentry","category-polideportivo","category-portada"],"jetpack_featured_media_url":"https:\/\/i0.wp.com\/cdnoticias.com\/wp-content\/uploads\/2022\/06\/boxeo_18.jpg?fit=1280%2C853&ssl=1","jetpack_sharing_enabled":true,"_links":{"self":[{"href":"https:\/\/cdnoticias.com\/index.php\/wp-json\/wp\/v2\/posts\/149907","targetHints":{"allow":["GET"]}}],"collection":[{"href":"https:\/\/cdnoticias.com\/index.php\/wp-json\/wp\/v2\/posts"}],"about":[{"href":"https:\/\/cdnoticias.com\/index.php\/wp-json\/wp\/v2\/types\/post"}],"author":[{"embeddable":true,"href":"https:\/\/cdnoticias.com\/index.php\/wp-json\/wp\/v2\/users\/96739694"}],"replies":[{"embeddable":true,"href":"https:\/\/cdnoticias.com\/index.php\/wp-json\/wp\/v2\/comments?post=149907"}],"version-history":[{"count":0,"href":"https:\/\/cdnoticias.com\/index.php\/wp-json\/wp\/v2\/posts\/149907\/revisions"}],"wp:featuredmedia":[{"embeddable":true,"href":"https:\/\/cdnoticias.com\/index.php\/wp-json\/wp\/v2\/media\/148850"}],"wp:attachment":[{"href":"https:\/\/cdnoticias.com\/index.php\/wp-json\/wp\/v2\/media?parent=149907"}],"wp:term":[{"taxonomy":"category","embeddable":true,"href":"https:\/\/cdnoticias.com\/index.php\/wp-json\/wp\/v2\/categories?post=149907"},{"taxonomy":"post_tag","embeddable":true,"href":"https:\/\/cdnoticias.com\/index.php\/wp-json\/wp\/v2\/tags?post=149907"}],"curies":[{"name":"wp","href":"https:\/\/api.w.org\/{rel}","templated":true}]}}