{"id":14990,"date":"2021-02-28T20:50:21","date_gmt":"2021-02-28T23:50:21","guid":{"rendered":"http:\/\/www.centraldenoticias.com.ar\/?p=14990"},"modified":"2021-03-01T08:54:50","modified_gmt":"2021-03-01T11:54:50","slug":"mientras-se-define-la-competencia-la-causa-por-las-vacunas-sigue-sumando-elementos","status":"publish","type":"post","link":"https:\/\/cdnoticias.com\/index.php\/2021\/02\/28\/mientras-se-define-la-competencia-la-causa-por-las-vacunas-sigue-sumando-elementos\/","title":{"rendered":"Mientras se define la &#8220;competencia&#8221;, la causa por las vacunas sigue sumando elementos"},"content":{"rendered":"<p>En las \u00faltimas horas arrib\u00f3 el informe del service de la empresa que fabric\u00f3 el freezer. La causa, por ahora, sigue en Olavarr\u00eda.<!--more--><\/p>\n<hr \/>\n<p>Con la atenci\u00f3n, y por qu\u00e9 no la expectativa, tanto en Azul como en Mar del Plata, la investigaci\u00f3n que pretende dilucidar c\u00f3mo y, m\u00e1s a\u00fan, qui\u00e9nes se vieron involucrados en <a href=\"https:\/\/cdnoticias.com\/index.php\/2021\/01\/04\/por-la-perdida-de-la-cadena-de-frio-debieron-tirar-todas-las-vacunas-contra-el-coronavirus\/\" target=\"_blank\" rel=\"noopener\">la p\u00e9rdida de alrededor de 400 dosis de la Vacuna Sputnik<\/a>, que <strong>debieron ser desechadas debido a un \u201cdesv\u00edo\u201d en la cadena de fr\u00edo, tal cual fue reconocido por voces oficiales a inicios del presente a\u00f1o.<\/strong><\/p>\n<p>&nbsp;<\/p>\n<p>Transcurrieron varias semanas y la<strong> investigaci\u00f3n, liderada actualmente por la fiscal\u00eda 10 de nuestra ciudad<\/strong>, sum\u00f3 numerosos elementos de prueba que permitieron, por ejemplo, que<a href=\"https:\/\/cdnoticias.com\/index.php\/2021\/01\/18\/vacunas-la-causa-se-investiga-como-delito-contra-la-salud-publica\/\" target=\"_blank\" rel=\"noopener\"> las actuaciones pasen a ser encuadradas como \u201cdelito contra la salud p\u00fablica\u201d<\/a>, en los t\u00e9rminos del art\u00edculo 200 del C\u00f3digo Penal, una figura que contempla penas de prisi\u00f3n que van de los 3 a los 10 a\u00f1os.<\/p>\n<p>&nbsp;<\/p>\n<p><img data-recalc-dims=\"1\" loading=\"lazy\" decoding=\"async\" class=\"alignnone size-full wp-image-13314\" src=\"https:\/\/i0.wp.com\/cdnoticias.com\/wp-content\/uploads\/2021\/02\/WhatsApp-Image-2021-01-08-at-11.15.21-800x445-1-768x427.jpeg?resize=768%2C427&#038;ssl=1\" alt=\"\" width=\"768\" height=\"427\" srcset=\"https:\/\/i0.wp.com\/cdnoticias.com\/wp-content\/uploads\/2021\/02\/WhatsApp-Image-2021-01-08-at-11.15.21-800x445-1-768x427.jpeg?resize=768%2C427&amp;ssl=1 768w, https:\/\/i0.wp.com\/cdnoticias.com\/wp-content\/uploads\/2021\/02\/WhatsApp-Image-2021-01-08-at-11.15.21-800x445-1-768x427.jpeg?resize=300%2C167&amp;ssl=1 300w\" sizes=\"auto, (max-width: 768px) 100vw, 768px\" \/><\/p>\n<p>&nbsp;<\/p>\n<p>Sin embargo, <strong>en los \u00faltimos d\u00edas las novedades colocaron la atenci\u00f3n algunos kil\u00f3metros m\u00e1s all\u00e1 de los l\u00edmites del partido de Olavarr\u00eda<\/strong>. Los motivos, al igual que los destinos, son dos. Por un lado Azul, <a href=\"https:\/\/cdnoticias.com\/index.php\/2021\/02\/18\/vacunas-la-causa-por-ahora-esta-en-la-fiscalia-local-y-no-tiene-imputados\/\" target=\"_blank\" rel=\"noopener\">vinculado con la denominada \u201ccompetencia\u201d<\/a>, es decir <strong>si ser\u00e1 el Fuero Federal o el Provincial el que seguir\u00e1 comandando la investigaci\u00f3n<\/strong>. Todo esto responde a la intenci\u00f3n del Juez Federal Gabriel Di Giulio de comandar las actuaciones.<\/p>\n<p>&nbsp;<\/p>\n<p>Fuentes consultadas por este portal narraron que <strong>esta cuesti\u00f3n a\u00fan no est\u00e1 resuelta<\/strong>. Explicado a grandes rasgos, el juez Federal acept\u00f3 el planteo de la competencia, pero resta a\u00fan conocer cu\u00e1l es la postura del Fiscal Federal, que puede aceptar o recurrir. En caso de acompa\u00f1ar la posici\u00f3n, todo pasar\u00e1 en primera instancia a la actual fiscal de la causa, la doctora Viviana Beyt\u00eda, para que tambi\u00e9n responda si est\u00e1 a favor o no. Luego <strong>ser\u00e1 el juez de Garant\u00edas Carlos Villamar\u00edn quien tendr\u00e1 la \u00faltima palabra.<\/strong><\/p>\n<p>&nbsp;<\/p>\n<p><img data-recalc-dims=\"1\" loading=\"lazy\" decoding=\"async\" class=\"alignnone size-large wp-image-1880\" src=\"https:\/\/i0.wp.com\/cdnoticias.com\/wp-content\/uploads\/2020\/09\/WhatsApp-Image-2020-08-31-at-16.11.41-2.jpeg?resize=800%2C600&#038;ssl=1\" alt=\"\" width=\"800\" height=\"600\" srcset=\"https:\/\/i0.wp.com\/cdnoticias.com\/wp-content\/uploads\/2020\/09\/WhatsApp-Image-2020-08-31-at-16.11.41-2.jpeg?resize=1024%2C768&amp;ssl=1 1024w, https:\/\/i0.wp.com\/cdnoticias.com\/wp-content\/uploads\/2020\/09\/WhatsApp-Image-2020-08-31-at-16.11.41-2.jpeg?resize=300%2C225&amp;ssl=1 300w, https:\/\/i0.wp.com\/cdnoticias.com\/wp-content\/uploads\/2020\/09\/WhatsApp-Image-2020-08-31-at-16.11.41-2.jpeg?resize=768%2C576&amp;ssl=1 768w, https:\/\/i0.wp.com\/cdnoticias.com\/wp-content\/uploads\/2020\/09\/WhatsApp-Image-2020-08-31-at-16.11.41-2.jpeg?w=1280&amp;ssl=1 1280w\" sizes=\"auto, (max-width: 800px) 100vw, 800px\" \/><\/p>\n<p>&nbsp;<\/p>\n<p><strong>\u201cMientras tanto se sigue sustanciado la causa en el fuero provincial\u201d<\/strong>, complet\u00f3 la misma fuente. En palabras m\u00e1s simples, todo sigue en Olavarr\u00eda como el primer d\u00eda. <strong>La causa actualmente comprende de 3 cuerpos, es decir alrededor de 600 fojas.<\/strong><\/p>\n<p>&nbsp;<\/p>\n<p>La otra ciudad clave en todo esto es Mar del Plata, donde <strong>especialistas de la polic\u00eda Federal est\u00e1n llevando a cabo el an\u00e1lisis del DVR, es decir el dispositivo que almacen\u00f3 las im\u00e1genes de las c\u00e1maras de seguridad del Hospital de Oncolog\u00eda<\/strong>, el sitio donde estaban las dosis y el freezer en cuesti\u00f3n. Esas pericias se iniciaron hace ya varios d\u00edas, por lo que se especula que las conclusiones no demorar\u00e1n mucho m\u00e1s en llegar.<\/p>\n<p>&nbsp;<\/p>\n<p><img data-recalc-dims=\"1\" loading=\"lazy\" decoding=\"async\" class=\"alignnone size-large wp-image-10651\" src=\"https:\/\/i0.wp.com\/cdnoticias.com\/wp-content\/uploads\/2021\/01\/WhatsApp-Image-2021-01-05-at-10.27.23.jpeg?resize=800%2C600&#038;ssl=1\" alt=\"\" width=\"800\" height=\"600\" srcset=\"https:\/\/i0.wp.com\/cdnoticias.com\/wp-content\/uploads\/2021\/01\/WhatsApp-Image-2021-01-05-at-10.27.23.jpeg?resize=1024%2C768&amp;ssl=1 1024w, https:\/\/i0.wp.com\/cdnoticias.com\/wp-content\/uploads\/2021\/01\/WhatsApp-Image-2021-01-05-at-10.27.23.jpeg?resize=300%2C225&amp;ssl=1 300w, https:\/\/i0.wp.com\/cdnoticias.com\/wp-content\/uploads\/2021\/01\/WhatsApp-Image-2021-01-05-at-10.27.23.jpeg?resize=768%2C576&amp;ssl=1 768w, https:\/\/i0.wp.com\/cdnoticias.com\/wp-content\/uploads\/2021\/01\/WhatsApp-Image-2021-01-05-at-10.27.23.jpeg?w=1152&amp;ssl=1 1152w\" sizes=\"auto, (max-width: 800px) 100vw, 800px\" \/><\/p>\n<p>&nbsp;<\/p>\n<p><strong>Lo que s\u00ed lleg\u00f3, tal cual fue confiado a este portal, es el informe realizado por personal de la firma que fabric\u00f3 el equipo donde estaban almacenadas las vacunas<\/strong>. Si bien no trascendieron mayores precisiones, las conclusiones habr\u00edan sido similares a las expuestas por especialistas de la Facultad de Ingenier\u00eda, que en calidad de id\u00f3neos peritaron el freezer y el lugar de los hechos. Tambi\u00e9n habr\u00edan comenzado a llegar respuestas a oficios pedidos a los ministerios tanto de Naci\u00f3n como de Provincia.<\/p>\n<p>&nbsp;<\/p>\n<p>La investigaci\u00f3n, entre otros elementos de prueba, ya cuenta con el<a href=\"https:\/\/cdnoticias.com\/index.php\/2021\/01\/08\/vacunas-coopelectric-informo-un-corte-de-luz-de-2-minutos-en-la-tarde-del-domingo\/\" target=\"_blank\" rel=\"noopener\"> informe emitido desde Coopelectric que confirm\u00f3 un corte el d\u00eda previo al descubrimiento de la p\u00e9rdida de la cadena de fr\u00edo<\/a>, y se aguarda por la pericia al \u201cdata logger\u201d, <a href=\"https:\/\/cdnoticias.com\/index.php\/2021\/02\/14\/vacunas-ademas-de-las-camaras-se-espera-por-las-pericias-al-data-logger\/\" target=\"_blank\" rel=\"noopener\">el dispositivo que realiz\u00f3 el seguimiento de la temperatura de las dosis<\/a>. Por \u00faltimo, seg\u00fan se volvi\u00f3 a enfatizar, <strong>la investigaci\u00f3n al momento no cuenta con personas imputadas.<\/strong><\/p>\n","protected":false},"excerpt":{"rendered":"<p>En las \u00faltimas horas arrib\u00f3 el informe del service de la empresa que fabric\u00f3 el freezer. La causa, por ahora,<\/p>\n","protected":false},"author":3,"featured_media":13248,"comment_status":"closed","ping_status":"closed","sticky":false,"template":"","format":"standard","meta":{"_jetpack_memberships_contains_paid_content":false,"footnotes":""},"categories":[14,1],"tags":[],"class_list":["post-14990","post","type-post","status-publish","format-standard","has-post-thumbnail","hentry","category-policiales","category-portada"],"jetpack_featured_media_url":"https:\/\/i0.wp.com\/cdnoticias.com\/wp-content\/uploads\/2021\/02\/causa-vacunas-hospital-de-oncologia00.jpg?fit=800%2C445&ssl=1","jetpack_sharing_enabled":true,"_links":{"self":[{"href":"https:\/\/cdnoticias.com\/index.php\/wp-json\/wp\/v2\/posts\/14990","targetHints":{"allow":["GET"]}}],"collection":[{"href":"https:\/\/cdnoticias.com\/index.php\/wp-json\/wp\/v2\/posts"}],"about":[{"href":"https:\/\/cdnoticias.com\/index.php\/wp-json\/wp\/v2\/types\/post"}],"author":[{"embeddable":true,"href":"https:\/\/cdnoticias.com\/index.php\/wp-json\/wp\/v2\/users\/3"}],"replies":[{"embeddable":true,"href":"https:\/\/cdnoticias.com\/index.php\/wp-json\/wp\/v2\/comments?post=14990"}],"version-history":[{"count":0,"href":"https:\/\/cdnoticias.com\/index.php\/wp-json\/wp\/v2\/posts\/14990\/revisions"}],"wp:featuredmedia":[{"embeddable":true,"href":"https:\/\/cdnoticias.com\/index.php\/wp-json\/wp\/v2\/media\/13248"}],"wp:attachment":[{"href":"https:\/\/cdnoticias.com\/index.php\/wp-json\/wp\/v2\/media?parent=14990"}],"wp:term":[{"taxonomy":"category","embeddable":true,"href":"https:\/\/cdnoticias.com\/index.php\/wp-json\/wp\/v2\/categories?post=14990"},{"taxonomy":"post_tag","embeddable":true,"href":"https:\/\/cdnoticias.com\/index.php\/wp-json\/wp\/v2\/tags?post=14990"}],"curies":[{"name":"wp","href":"https:\/\/api.w.org\/{rel}","templated":true}]}}