{"id":149838,"date":"2022-07-12T23:16:05","date_gmt":"2022-07-13T02:16:05","guid":{"rendered":"http:\/\/centraldeportes.com.ar\/?p=19351"},"modified":"2022-07-12T23:16:05","modified_gmt":"2022-07-13T02:16:05","slug":"el-dr-recabarren-dio-la-primera-capacitacion-del-cavo","status":"publish","type":"post","link":"https:\/\/cdnoticias.com\/index.php\/2022\/07\/12\/el-dr-recabarren-dio-la-primera-capacitacion-del-cavo\/","title":{"rendered":"Pas\u00f3 la primera capacitaci\u00f3n del CAVO"},"content":{"rendered":"<p>A cargo del Doctor Iv\u00e1n Recabarren se llev\u00f3 a cabo la primera capacitaci\u00f3n organizada por el C\u00edrculo de Atletas Veteranos de Olavarr\u00eda y que tuvo lugar en la Casa del Deporte.<\/p>\n<p><!--more--><\/p>\n<hr \/>\n<p>Este martes, medio centenar de oyentes amantes del deporte se acercaron a la primera charla de capacitaci\u00f3n organizada por el CAVO y que cont\u00f3 con el apoyo de la Municipalidad de Olavarr\u00eda.<\/p>\n<p>&nbsp;<\/p>\n<div class=\"jetpack-video-wrapper\"><iframe loading=\"lazy\" width=\"800\" height=\"450\" src=\"https:\/\/www.youtube.com\/embed\/zuIWcOEoUf8?feature=oembed\" frameborder=\"0\" allow=\"accelerometer; autoplay; clipboard-write; encrypted-media; gyroscope; picture-in-picture\" allowfullscreen title=\"El Dr. Recabarren dio la primera capacitaci\u00f3n del CAVO\"><\/iframe><\/div>\n<p>&nbsp;<\/p>\n<p>En la jornada estuvieron presentes Oscar Gonz\u00e1lez, Director de Gesti\u00f3n Deportiva de la Municipalidad de Olavarr\u00eda y Renaldo Am\u00e9ndola, nuevo presidente del CAVO y el doctor deport\u00f3logo Iv\u00e1n Recabarren, encargado del primero de los encuentros propuestos.<\/p>\n<p>&nbsp;<\/p>\n<p>El practicante de varias actividades deportivas hizo hincapi\u00e9 en h\u00e1bitos saludables y la importancia de los ex\u00e1menes para iniciarse en cualquier actividad f\u00edsica.<\/p>\n<p>&nbsp;<\/p>\n<p>[soliloquy slug=&#8221;cavo&#8221;]<\/p>\n<p>&nbsp;<\/p>\n<p>Tambi\u00e9n habl\u00f3 de los beneficios de la actividad f\u00edsica y respondi\u00f3 dudas inquietudes.<\/p>\n","protected":false},"excerpt":{"rendered":"<p>A cargo del Doctor Iv\u00e1n Recabarren se llev\u00f3 a cabo la primera capacitaci\u00f3n organizada por el C\u00edrculo de Atletas Veteranos<\/p>\n","protected":false},"author":96739694,"featured_media":149839,"comment_status":"closed","ping_status":"closed","sticky":false,"template":"","format":"standard","meta":{"_jetpack_memberships_contains_paid_content":false,"footnotes":""},"categories":[30,1,50],"tags":[],"class_list":["post-149838","post","type-post","status-publish","format-standard","has-post-thumbnail","hentry","category-polideportivo","category-portada","category-veteranos"],"jetpack_featured_media_url":"https:\/\/i0.wp.com\/cdnoticias.com\/wp-content\/uploads\/2022\/07\/capacitacion-cavo_5.jpg?fit=1280%2C853&ssl=1","jetpack_sharing_enabled":true,"_links":{"self":[{"href":"https:\/\/cdnoticias.com\/index.php\/wp-json\/wp\/v2\/posts\/149838","targetHints":{"allow":["GET"]}}],"collection":[{"href":"https:\/\/cdnoticias.com\/index.php\/wp-json\/wp\/v2\/posts"}],"about":[{"href":"https:\/\/cdnoticias.com\/index.php\/wp-json\/wp\/v2\/types\/post"}],"author":[{"embeddable":true,"href":"https:\/\/cdnoticias.com\/index.php\/wp-json\/wp\/v2\/users\/96739694"}],"replies":[{"embeddable":true,"href":"https:\/\/cdnoticias.com\/index.php\/wp-json\/wp\/v2\/comments?post=149838"}],"version-history":[{"count":0,"href":"https:\/\/cdnoticias.com\/index.php\/wp-json\/wp\/v2\/posts\/149838\/revisions"}],"wp:featuredmedia":[{"embeddable":true,"href":"https:\/\/cdnoticias.com\/index.php\/wp-json\/wp\/v2\/media\/149839"}],"wp:attachment":[{"href":"https:\/\/cdnoticias.com\/index.php\/wp-json\/wp\/v2\/media?parent=149838"}],"wp:term":[{"taxonomy":"category","embeddable":true,"href":"https:\/\/cdnoticias.com\/index.php\/wp-json\/wp\/v2\/categories?post=149838"},{"taxonomy":"post_tag","embeddable":true,"href":"https:\/\/cdnoticias.com\/index.php\/wp-json\/wp\/v2\/tags?post=149838"}],"curies":[{"name":"wp","href":"https:\/\/api.w.org\/{rel}","templated":true}]}}