{"id":14982,"date":"2021-02-28T18:11:01","date_gmt":"2021-02-28T21:11:01","guid":{"rendered":"http:\/\/www.centraldenoticias.com.ar\/?p=14982"},"modified":"2021-02-28T18:11:01","modified_gmt":"2021-02-28T21:11:01","slug":"movimientos-populares-recorren-los-barrios-de-la-ciudad-y-el-partido","status":"publish","type":"post","link":"https:\/\/cdnoticias.com\/index.php\/2021\/02\/28\/movimientos-populares-recorren-los-barrios-de-la-ciudad-y-el-partido\/","title":{"rendered":"Movimientos populares recorren los barrios de la ciudad y el partido"},"content":{"rendered":"<p>Se trata de la campa\u00f1a nacional &#8220;Organizaci\u00f3n Comunitaria para la Reconstrucci\u00f3n Argentina&#8221;. Prevenci\u00f3n de Covid19 y Violencia de g\u00e9nero entre los ejes principales.<!--more--><\/p>\n<hr \/>\n<p>El Movimiento Evita junto a la CCC Olavarr\u00eda (Corriente Clasista y Combativa) y Somos Barrios de Pie Olavarr\u00eda siguen recorriendo la ciudad y el partido <strong>en el marco de la campa\u00f1a nacional \u201cOrganizaci\u00f3n Comunitaria para la Reconstrucci\u00f3n Argentina\u201d<\/strong>.<\/p>\n<p>&nbsp;<\/p>\n<p><img data-recalc-dims=\"1\" loading=\"lazy\" decoding=\"async\" class=\"alignnone size-large wp-image-14985\" src=\"https:\/\/i0.wp.com\/cdnoticias.com\/wp-content\/uploads\/2021\/02\/DSCN5715.jpg?resize=800%2C600&#038;ssl=1\" alt=\"\" width=\"800\" height=\"600\" srcset=\"https:\/\/i0.wp.com\/cdnoticias.com\/wp-content\/uploads\/2021\/02\/DSCN5715.jpg?resize=1024%2C768&amp;ssl=1 1024w, https:\/\/i0.wp.com\/cdnoticias.com\/wp-content\/uploads\/2021\/02\/DSCN5715.jpg?resize=300%2C225&amp;ssl=1 300w, https:\/\/i0.wp.com\/cdnoticias.com\/wp-content\/uploads\/2021\/02\/DSCN5715.jpg?resize=768%2C576&amp;ssl=1 768w, https:\/\/i0.wp.com\/cdnoticias.com\/wp-content\/uploads\/2021\/02\/DSCN5715.jpg?w=1600&amp;ssl=1 1600w, https:\/\/i0.wp.com\/cdnoticias.com\/wp-content\/uploads\/2021\/02\/DSCN5715.jpg?w=2400&amp;ssl=1 2400w\" sizes=\"auto, (max-width: 800px) 100vw, 800px\" \/><\/p>\n<p>&nbsp;<\/p>\n<p>Seg\u00fan se narr\u00f3, en las \u00faltimas horas <strong>estuvieron en los barrios Hip\u00f3lito Yrigoyen y San Carlos, donde profundizaron sobre cuidados y prevenci\u00f3n de Covid 19<\/strong>, adem\u00e1s de realizar la pre inscripci\u00f3n puerta a puerta de interesados en vacunarse, adem\u00e1s de la \u201cPosta Sanitaria\u201d instalada en la Sociedad de Fomento.<\/p>\n<p>&nbsp;<\/p>\n<p>Por otro lado, tambi\u00e9n <strong>fueron parte de la campa\u00f1a de preinscripci\u00f3n a la vacunaci\u00f3n en la localidad de Sierra Chica, enmarcado en el trabajo que viene realizando el Frente de Todos<\/strong>.<\/p>\n<p>&nbsp;<\/p>\n<p><img data-recalc-dims=\"1\" loading=\"lazy\" decoding=\"async\" class=\"alignnone size-large wp-image-14984\" src=\"https:\/\/i0.wp.com\/cdnoticias.com\/wp-content\/uploads\/2021\/02\/DSCN5727.jpg?resize=800%2C600&#038;ssl=1\" alt=\"\" width=\"800\" height=\"600\" srcset=\"https:\/\/i0.wp.com\/cdnoticias.com\/wp-content\/uploads\/2021\/02\/DSCN5727.jpg?resize=1024%2C768&amp;ssl=1 1024w, https:\/\/i0.wp.com\/cdnoticias.com\/wp-content\/uploads\/2021\/02\/DSCN5727.jpg?resize=300%2C225&amp;ssl=1 300w, https:\/\/i0.wp.com\/cdnoticias.com\/wp-content\/uploads\/2021\/02\/DSCN5727.jpg?resize=768%2C576&amp;ssl=1 768w, https:\/\/i0.wp.com\/cdnoticias.com\/wp-content\/uploads\/2021\/02\/DSCN5727.jpg?w=1600&amp;ssl=1 1600w, https:\/\/i0.wp.com\/cdnoticias.com\/wp-content\/uploads\/2021\/02\/DSCN5727.jpg?w=2400&amp;ssl=1 2400w\" sizes=\"auto, (max-width: 800px) 100vw, 800px\" \/><\/p>\n<p>&nbsp;<\/p>\n<p>En simult\u00e1neo las compa\u00f1eras de<strong> Mujeres Evita trabajaron sobre otro de los ejes de la campa\u00f1a: la prevenci\u00f3n de violencia de g\u00e9nero<\/strong>. Estuvieron con postas sanitarias difundiendo y charlando con vecinos en la plaza del centro de la ciudad.<\/p>\n<p>&nbsp;<\/p>\n<p>Por \u00faltimo, se enfatiz\u00f3 que \u201cmiles de voluntarias y voluntarios seguimos casa por casa recorriendo los barrios para ponerle el cuerpo a la campa\u00f1a solidaria m\u00e1s grande de la historia. Porque la salida de esta pandemia, es con Organizaci\u00f3n Comunitaria\u201d. \u201c<strong>Cuidarnos a todas y todos es nuestra responsabilidad. Es nuestro orgullo\u201d<\/strong>, concluyeron.<\/p>\n","protected":false},"excerpt":{"rendered":"<p>Se trata de la campa\u00f1a nacional &#8220;Organizaci\u00f3n Comunitaria para la Reconstrucci\u00f3n Argentina&#8221;. Prevenci\u00f3n de Covid19 y Violencia de g\u00e9nero entre<\/p>\n","protected":false},"author":3,"featured_media":14986,"comment_status":"closed","ping_status":"closed","sticky":false,"template":"","format":"standard","meta":{"_jetpack_memberships_contains_paid_content":false,"footnotes":""},"categories":[5,1],"tags":[],"class_list":["post-14982","post","type-post","status-publish","format-standard","has-post-thumbnail","hentry","category-informacion-general","category-portada"],"jetpack_featured_media_url":"https:\/\/i0.wp.com\/cdnoticias.com\/wp-content\/uploads\/2021\/02\/WhatsApp-Image-2021-02-27-at-11.04.04.jpeg?fit=1040%2C585&ssl=1","jetpack_sharing_enabled":true,"_links":{"self":[{"href":"https:\/\/cdnoticias.com\/index.php\/wp-json\/wp\/v2\/posts\/14982","targetHints":{"allow":["GET"]}}],"collection":[{"href":"https:\/\/cdnoticias.com\/index.php\/wp-json\/wp\/v2\/posts"}],"about":[{"href":"https:\/\/cdnoticias.com\/index.php\/wp-json\/wp\/v2\/types\/post"}],"author":[{"embeddable":true,"href":"https:\/\/cdnoticias.com\/index.php\/wp-json\/wp\/v2\/users\/3"}],"replies":[{"embeddable":true,"href":"https:\/\/cdnoticias.com\/index.php\/wp-json\/wp\/v2\/comments?post=14982"}],"version-history":[{"count":0,"href":"https:\/\/cdnoticias.com\/index.php\/wp-json\/wp\/v2\/posts\/14982\/revisions"}],"wp:featuredmedia":[{"embeddable":true,"href":"https:\/\/cdnoticias.com\/index.php\/wp-json\/wp\/v2\/media\/14986"}],"wp:attachment":[{"href":"https:\/\/cdnoticias.com\/index.php\/wp-json\/wp\/v2\/media?parent=14982"}],"wp:term":[{"taxonomy":"category","embeddable":true,"href":"https:\/\/cdnoticias.com\/index.php\/wp-json\/wp\/v2\/categories?post=14982"},{"taxonomy":"post_tag","embeddable":true,"href":"https:\/\/cdnoticias.com\/index.php\/wp-json\/wp\/v2\/tags?post=14982"}],"curies":[{"name":"wp","href":"https:\/\/api.w.org\/{rel}","templated":true}]}}