{"id":149812,"date":"2022-07-14T16:04:16","date_gmt":"2022-07-14T19:04:16","guid":{"rendered":"http:\/\/centraldeportes.com.ar\/?p=19433"},"modified":"2022-07-14T16:04:16","modified_gmt":"2022-07-14T19:04:16","slug":"olavarrienses-compitieron-en-el-regional-de-juar","status":"publish","type":"post","link":"https:\/\/cdnoticias.com\/index.php\/2022\/07\/14\/olavarrienses-compitieron-en-el-regional-de-juar\/","title":{"rendered":"Olavarrienses compitieron en el Regional de JUAR"},"content":{"rendered":"<p>Los primeros d\u00edas del mes de julio se llevaron a cabo en Tandil, los Juegos Universitarios Argentinos en su instancia regional y un importante n\u00famero de deportistas olavarrienses participaron del evento.<\/p>\n<p><!--more--><\/p>\n<hr \/>\n<p>Con m\u00e1s de 1000 estudiantes deportistas, de 14 instituciones, que compitieron en 21 disciplinas, se llev\u00f3 a cabo en la Universidad Nacional del Centro de la Provincia de Buenos Aires la instancia que reuni\u00f3 el deporte universitario de Buenos Aires.<\/p>\n<p>&nbsp;<\/p>\n<p>El medallero general culmin\u00f3 con los representantes de UNICEN siendo los ganadores del medallero, seguido por la Universidad Nacional del Sur y la Universidad Nacional de La Plata.<\/p>\n<p>&nbsp;<\/p>\n<p>[soliloquy slug=&#8221;juar&#8221;]<\/p>\n<p>&nbsp;<\/p>\n<p>La competencia reservada para estudiantes de carreras universitarias fue organizada en conjunto por el Ministerio de Educaci\u00f3n de La Naci\u00f3n, FeDUA y las Universidades Nacionales.<\/p>\n<p>&nbsp;<\/p>\n<p>En lo que respecta a los oriundos de Olavarr\u00eda, la lista la conformaron: Joaqu\u00edn Stular, Agust\u00edn Stirnemann, Francisco Iario, Manuel Ali, Gervasio Pelaytat, Enzo Corradi, Camila Elrich, Ayl\u00e9n Martini, Luc\u00eda Reyes, Roc\u00edo Chazarreta, Malena Bellinzoni, Eugenia Luchetta, Belen Wagner, Tatiana Tonel, Jaqueline Moro, Santiago Gim\u00e9nez, Juli\u00e1n Ziegler, Florencia Rivarola, Estefan\u00eda Figueroa, Fraco Piccinelli, Guadalupe Sarra, Victoria Ruppel, Mar\u00eda Fern\u00e1ndez, Silvina Alcaza, Luisina Duca, Agust\u00edn Mattaini, Guido Rodr\u00edguez, Juan Barrios, Renzo Cobos, C\u00e9sar Silvestro, Valent\u00edn Carpinetti, Camila Torresilla, Paula Enrique.<\/p>\n<p>&nbsp;<\/p>\n<p>El pr\u00f3ximo regional reunir\u00e1 a las instituciones del NOA Y QUE tendr\u00e1 lugar en la Universidad Nacional de Jujuy desde el 20 a 23 de agosto.<\/p>\n","protected":false},"excerpt":{"rendered":"<p>Los primeros d\u00edas del mes de julio se llevaron a cabo en Tandil, los Juegos Universitarios Argentinos en su instancia<\/p>\n","protected":false},"author":96739694,"featured_media":149813,"comment_status":"closed","ping_status":"closed","sticky":false,"template":"","format":"standard","meta":{"_jetpack_memberships_contains_paid_content":false,"footnotes":""},"categories":[30,1],"tags":[],"class_list":["post-149812","post","type-post","status-publish","format-standard","has-post-thumbnail","hentry","category-polideportivo","category-portada"],"jetpack_featured_media_url":"https:\/\/i0.wp.com\/cdnoticias.com\/wp-content\/uploads\/2022\/07\/juar-10.png?fit=1280%2C853&ssl=1","jetpack_sharing_enabled":true,"_links":{"self":[{"href":"https:\/\/cdnoticias.com\/index.php\/wp-json\/wp\/v2\/posts\/149812","targetHints":{"allow":["GET"]}}],"collection":[{"href":"https:\/\/cdnoticias.com\/index.php\/wp-json\/wp\/v2\/posts"}],"about":[{"href":"https:\/\/cdnoticias.com\/index.php\/wp-json\/wp\/v2\/types\/post"}],"author":[{"embeddable":true,"href":"https:\/\/cdnoticias.com\/index.php\/wp-json\/wp\/v2\/users\/96739694"}],"replies":[{"embeddable":true,"href":"https:\/\/cdnoticias.com\/index.php\/wp-json\/wp\/v2\/comments?post=149812"}],"version-history":[{"count":0,"href":"https:\/\/cdnoticias.com\/index.php\/wp-json\/wp\/v2\/posts\/149812\/revisions"}],"wp:featuredmedia":[{"embeddable":true,"href":"https:\/\/cdnoticias.com\/index.php\/wp-json\/wp\/v2\/media\/149813"}],"wp:attachment":[{"href":"https:\/\/cdnoticias.com\/index.php\/wp-json\/wp\/v2\/media?parent=149812"}],"wp:term":[{"taxonomy":"category","embeddable":true,"href":"https:\/\/cdnoticias.com\/index.php\/wp-json\/wp\/v2\/categories?post=149812"},{"taxonomy":"post_tag","embeddable":true,"href":"https:\/\/cdnoticias.com\/index.php\/wp-json\/wp\/v2\/tags?post=149812"}],"curies":[{"name":"wp","href":"https:\/\/api.w.org\/{rel}","templated":true}]}}