{"id":149805,"date":"2022-07-15T14:18:55","date_gmt":"2022-07-15T17:18:55","guid":{"rendered":"http:\/\/centraldeportes.com.ar\/?p=19469"},"modified":"2022-07-15T14:18:55","modified_gmt":"2022-07-15T17:18:55","slug":"terna-femenina-para-un-partido-de-primera-division","status":"publish","type":"post","link":"https:\/\/cdnoticias.com\/index.php\/2022\/07\/15\/terna-femenina-para-un-partido-de-primera-division\/","title":{"rendered":"Terna femenina para un partido de Primera Divisi\u00f3n"},"content":{"rendered":"<p>Este domingo ser\u00e1 hist\u00f3rico para el f\u00fatbol olavarriense ya que por primera vez habr\u00e1 una terna arbitral femenina en la m\u00e1xima categor\u00eda en el inicio de un nuevo certamen.<\/p>\n<p><!--more--><\/p>\n<hr \/>\n<p>Agustina Loos ser\u00e1 la \u00e1rbitro principal y estar\u00e1 acompa\u00f1ada de Martina Palahy y Sof\u00eda Vel\u00e1zquez, quienes impartir\u00e1n justicia en el partido entre El Fort\u00edn y Sierra Chica en el &#8220;Ricardo S\u00e1nchez&#8221; desde las 15:00.<\/p>\n","protected":false},"excerpt":{"rendered":"<p>Este domingo ser\u00e1 hist\u00f3rico para el f\u00fatbol olavarriense ya que por primera vez habr\u00e1 una terna arbitral femenina en la<\/p>\n","protected":false},"author":96739694,"featured_media":149806,"comment_status":"closed","ping_status":"closed","sticky":false,"template":"","format":"standard","meta":{"_jetpack_memberships_contains_paid_content":false,"footnotes":""},"categories":[35,1,41],"tags":[],"class_list":["post-149805","post","type-post","status-publish","format-standard","has-post-thumbnail","hentry","category-futbol","category-portada","category-primera-y-reserva"],"jetpack_featured_media_url":"https:\/\/i0.wp.com\/cdnoticias.com\/wp-content\/uploads\/2022\/07\/loos-palahy-velazquez.png?fit=800%2C445&ssl=1","jetpack_sharing_enabled":true,"_links":{"self":[{"href":"https:\/\/cdnoticias.com\/index.php\/wp-json\/wp\/v2\/posts\/149805","targetHints":{"allow":["GET"]}}],"collection":[{"href":"https:\/\/cdnoticias.com\/index.php\/wp-json\/wp\/v2\/posts"}],"about":[{"href":"https:\/\/cdnoticias.com\/index.php\/wp-json\/wp\/v2\/types\/post"}],"author":[{"embeddable":true,"href":"https:\/\/cdnoticias.com\/index.php\/wp-json\/wp\/v2\/users\/96739694"}],"replies":[{"embeddable":true,"href":"https:\/\/cdnoticias.com\/index.php\/wp-json\/wp\/v2\/comments?post=149805"}],"version-history":[{"count":0,"href":"https:\/\/cdnoticias.com\/index.php\/wp-json\/wp\/v2\/posts\/149805\/revisions"}],"wp:featuredmedia":[{"embeddable":true,"href":"https:\/\/cdnoticias.com\/index.php\/wp-json\/wp\/v2\/media\/149806"}],"wp:attachment":[{"href":"https:\/\/cdnoticias.com\/index.php\/wp-json\/wp\/v2\/media?parent=149805"}],"wp:term":[{"taxonomy":"category","embeddable":true,"href":"https:\/\/cdnoticias.com\/index.php\/wp-json\/wp\/v2\/categories?post=149805"},{"taxonomy":"post_tag","embeddable":true,"href":"https:\/\/cdnoticias.com\/index.php\/wp-json\/wp\/v2\/tags?post=149805"}],"curies":[{"name":"wp","href":"https:\/\/api.w.org\/{rel}","templated":true}]}}