{"id":149778,"date":"2022-07-09T21:37:16","date_gmt":"2022-07-10T00:37:16","guid":{"rendered":"http:\/\/centraldeportes.com.ar\/?p=19212"},"modified":"2022-07-09T21:37:16","modified_gmt":"2022-07-10T00:37:16","slug":"agustina-tarantola-campeona-nacional-en-dobles-2","status":"publish","type":"post","link":"https:\/\/cdnoticias.com\/index.php\/2022\/07\/09\/agustina-tarantola-campeona-nacional-en-dobles-2\/","title":{"rendered":"Agustina Tar\u00e1ntola campeona Nacional en Dobles"},"content":{"rendered":"<p>Durante toda la semana hasta hoy s\u00e1bado, en Salta, se realiz\u00f3 el tercer Nacional de Menores organizado y fiscalizado por la Asociaci\u00f3n Argentina de Tenis y tuvo presencia &#8220;bataraz&#8221; con muy buena actuaci\u00f3n de Agustina Tar\u00e1ntola y Francisco Correa Igui\u00f1iz.<\/p>\n<p><!--more--><\/p>\n<hr \/>\n<p>Agustina Tar\u00e1ntola se coron\u00f3 campeona en Dobles junto a su compa\u00f1era \u00c1mbar Corvalan Miranda tras vencer en la final a Josefina Rodr\u00edguez, otra olavarriense (La Pedrera) y a su compa\u00f1era Victoria Paez en una cerrada final. Fue 4\/6, 7\/6 y 10\/8 y de este modo logr\u00f3 alzar un nuevo t\u00edtulo Nacional. En semifinales hab\u00edan vencido a la dupla de Mardones Racioppi y Valenzuela por 6\/2 y 6\/0.<\/p>\n<p>&nbsp;<\/p>\n<p>En la modalidad Singles, la albinegra cay\u00f3 en octavos de final frente a Florencia Mardones Racioppi por 6\/4 y 7\/5, aunque luego se tom\u00f3 revancha en dobles, como se menciona anteriormente.<\/p>\n<p>&nbsp;<\/p>\n<p>[soliloquy slug=&#8221;tarantola&#8221;]<\/p>\n<p>&nbsp;<\/p>\n<p>Para Francisco Correa Igui\u00f1iz, la suerte le fue dispar, en Singles sali\u00f3 sorteado ante el N\u00b01 del circuito para jugar en primera ronda y fue derrotado, aunque le plante\u00f3 un buen partido y demostr\u00f3 mucha templanza a la hora de resolver los puntos que, a cierto punto, no se ven reflejados en el resultado (Doble 0\/6). A\u00fan as\u00ed fue felicitado por los organizadores por el gran partido que jug\u00f3.<\/p>\n<p>&nbsp;<\/p>\n<p>En Dobles, Correa Igui\u00f1iz jug\u00f3 junto a su compa\u00f1ero Franco Espinoza de Valeria del Mar y tambi\u00e9n, en primera ronda cayeron ante los preclasificados N\u00b01 Ancasi y Di Fulvio por 6\/3 y 7\/5.<\/p>\n","protected":false},"excerpt":{"rendered":"<p>Durante toda la semana hasta hoy s\u00e1bado, en Salta, se realiz\u00f3 el tercer Nacional de Menores organizado y fiscalizado por<\/p>\n","protected":false},"author":96739694,"featured_media":149779,"comment_status":"closed","ping_status":"closed","sticky":false,"template":"","format":"standard","meta":{"_jetpack_memberships_contains_paid_content":false,"footnotes":""},"categories":[30,1],"tags":[],"class_list":["post-149778","post","type-post","status-publish","format-standard","has-post-thumbnail","hentry","category-polideportivo","category-portada"],"jetpack_featured_media_url":"https:\/\/i0.wp.com\/cdnoticias.com\/wp-content\/uploads\/2022\/07\/tarantola_7.jpg?fit=1230%2C853&ssl=1","jetpack_sharing_enabled":true,"_links":{"self":[{"href":"https:\/\/cdnoticias.com\/index.php\/wp-json\/wp\/v2\/posts\/149778","targetHints":{"allow":["GET"]}}],"collection":[{"href":"https:\/\/cdnoticias.com\/index.php\/wp-json\/wp\/v2\/posts"}],"about":[{"href":"https:\/\/cdnoticias.com\/index.php\/wp-json\/wp\/v2\/types\/post"}],"author":[{"embeddable":true,"href":"https:\/\/cdnoticias.com\/index.php\/wp-json\/wp\/v2\/users\/96739694"}],"replies":[{"embeddable":true,"href":"https:\/\/cdnoticias.com\/index.php\/wp-json\/wp\/v2\/comments?post=149778"}],"version-history":[{"count":0,"href":"https:\/\/cdnoticias.com\/index.php\/wp-json\/wp\/v2\/posts\/149778\/revisions"}],"wp:featuredmedia":[{"embeddable":true,"href":"https:\/\/cdnoticias.com\/index.php\/wp-json\/wp\/v2\/media\/149779"}],"wp:attachment":[{"href":"https:\/\/cdnoticias.com\/index.php\/wp-json\/wp\/v2\/media?parent=149778"}],"wp:term":[{"taxonomy":"category","embeddable":true,"href":"https:\/\/cdnoticias.com\/index.php\/wp-json\/wp\/v2\/categories?post=149778"},{"taxonomy":"post_tag","embeddable":true,"href":"https:\/\/cdnoticias.com\/index.php\/wp-json\/wp\/v2\/tags?post=149778"}],"curies":[{"name":"wp","href":"https:\/\/api.w.org\/{rel}","templated":true}]}}