{"id":149738,"date":"2022-07-05T17:07:27","date_gmt":"2022-07-05T20:07:27","guid":{"rendered":"http:\/\/centraldeportes.com.ar\/?p=19018"},"modified":"2022-07-05T17:07:27","modified_gmt":"2022-07-05T20:07:27","slug":"federico-chingotto-y-juan-tello-eliminados-en-primera-ronda","status":"publish","type":"post","link":"https:\/\/cdnoticias.com\/index.php\/2022\/07\/05\/federico-chingotto-y-juan-tello-eliminados-en-primera-ronda\/","title":{"rendered":"Federico Chingotto y Juan Tello, eliminados en primera ronda"},"content":{"rendered":"<p>Inici\u00f3 el cuadro principal del Valencia Open, pero no fue el mejor estreno para Federico Chingotto y Juan Tello que cayeron en su primer partido ante Jorge Rico Dasi y Agust\u00edn Guti\u00e9rrez.<!--more--><\/p>\n<hr \/>\n<p>Chingotto y Tello cayeron este martes en los Dieciseisavos de Final ante Rico Dasi y Guti\u00e9rrez por 6\/4 5\/7 7\/6 en un nuevo open organizado por el World P\u00e1del Tour.<\/p>\n<p>&nbsp;<\/p>\n<p>Una semana de descanso tendr\u00e1n el olavarriense y el cordob\u00e9s antes de presentarse en el Open de M\u00e1laga.<\/p>\n<p>&nbsp;<\/p>\n<p>&nbsp;<\/p>\n<p>&nbsp;<\/p>\n","protected":false},"excerpt":{"rendered":"<p>Inici\u00f3 el cuadro principal del Valencia Open, pero no fue el mejor estreno para Federico Chingotto y Juan Tello que<\/p>\n","protected":false},"author":96739694,"featured_media":149096,"comment_status":"closed","ping_status":"closed","sticky":false,"template":"","format":"standard","meta":{"_jetpack_memberships_contains_paid_content":false,"footnotes":""},"categories":[30],"tags":[],"class_list":["post-149738","post","type-post","status-publish","format-standard","has-post-thumbnail","hentry","category-polideportivo"],"jetpack_featured_media_url":"https:\/\/i0.wp.com\/cdnoticias.com\/wp-content\/uploads\/2022\/06\/WhatsApp-Image-2022-06-16-at-3.02.31-PM.jpeg?fit=1280%2C719&ssl=1","jetpack_sharing_enabled":true,"_links":{"self":[{"href":"https:\/\/cdnoticias.com\/index.php\/wp-json\/wp\/v2\/posts\/149738","targetHints":{"allow":["GET"]}}],"collection":[{"href":"https:\/\/cdnoticias.com\/index.php\/wp-json\/wp\/v2\/posts"}],"about":[{"href":"https:\/\/cdnoticias.com\/index.php\/wp-json\/wp\/v2\/types\/post"}],"author":[{"embeddable":true,"href":"https:\/\/cdnoticias.com\/index.php\/wp-json\/wp\/v2\/users\/96739694"}],"replies":[{"embeddable":true,"href":"https:\/\/cdnoticias.com\/index.php\/wp-json\/wp\/v2\/comments?post=149738"}],"version-history":[{"count":0,"href":"https:\/\/cdnoticias.com\/index.php\/wp-json\/wp\/v2\/posts\/149738\/revisions"}],"wp:featuredmedia":[{"embeddable":true,"href":"https:\/\/cdnoticias.com\/index.php\/wp-json\/wp\/v2\/media\/149096"}],"wp:attachment":[{"href":"https:\/\/cdnoticias.com\/index.php\/wp-json\/wp\/v2\/media?parent=149738"}],"wp:term":[{"taxonomy":"category","embeddable":true,"href":"https:\/\/cdnoticias.com\/index.php\/wp-json\/wp\/v2\/categories?post=149738"},{"taxonomy":"post_tag","embeddable":true,"href":"https:\/\/cdnoticias.com\/index.php\/wp-json\/wp\/v2\/tags?post=149738"}],"curies":[{"name":"wp","href":"https:\/\/api.w.org\/{rel}","templated":true}]}}