{"id":149725,"date":"2022-07-06T17:47:50","date_gmt":"2022-07-06T20:47:50","guid":{"rendered":"http:\/\/centraldeportes.com.ar\/?p=19053"},"modified":"2022-07-06T17:47:50","modified_gmt":"2022-07-06T20:47:50","slug":"la-liga-regional-del-centro-conto-con-deportistas-de-atemo","status":"publish","type":"post","link":"https:\/\/cdnoticias.com\/index.php\/2022\/07\/06\/la-liga-regional-del-centro-conto-con-deportistas-de-atemo\/","title":{"rendered":"La Liga Regional del Centro cont\u00f3 con deportistas de ATEMO"},"content":{"rendered":"<p>Se organiz\u00f3 una nueva fecha de la Liga Regional del Centro y los representantes de la Asociaci\u00f3n de Tenis de Mesa de Olavarr\u00eda dijeron presente.<!--more--><\/p>\n<hr \/>\n<p>La delegaci\u00f3n de ATEMO se present\u00f3 en Azul en la tercera fecha de la Liga Regional del Centro.<\/p>\n<p>&nbsp;<\/p>\n<p>Hubo numerosa participaci\u00f3n local en la vecina localidad y la mejor actuaci\u00f3n fue la de Francisco Crimaldi en Tercera que se qued\u00f3 con la medalla de oro.<\/p>\n<p>&nbsp;<\/p>\n<p>Adem\u00e1s, en Quinta, Leonardo Dziata se consagr\u00f3 subcampe\u00f3n, Leandra Bustamante logr\u00f3 obtener el tercer puesto en Octava y en S\u00e9ptima, Santiago Garralda fue tercero.<\/p>\n<p>&nbsp;<\/p>\n<p>Adem\u00e1s, Alejandro Cont\u00e9 lleg\u00f3 a los cuartos de final de ambas categor\u00edas, cayendo ante el campe\u00f3n.<\/p>\n","protected":false},"excerpt":{"rendered":"<p>Se organiz\u00f3 una nueva fecha de la Liga Regional del Centro y los representantes de la Asociaci\u00f3n de Tenis de<\/p>\n","protected":false},"author":96739694,"featured_media":149726,"comment_status":"closed","ping_status":"closed","sticky":false,"template":"","format":"standard","meta":{"_jetpack_memberships_contains_paid_content":false,"footnotes":""},"categories":[30,1],"tags":[],"class_list":["post-149725","post","type-post","status-publish","format-standard","has-post-thumbnail","hentry","category-polideportivo","category-portada"],"jetpack_featured_media_url":"https:\/\/i0.wp.com\/cdnoticias.com\/wp-content\/uploads\/2022\/07\/287465855_1420109955123088_5158607052968261523_n-e1657140454717.jpg?fit=1200%2C732&ssl=1","jetpack_sharing_enabled":true,"_links":{"self":[{"href":"https:\/\/cdnoticias.com\/index.php\/wp-json\/wp\/v2\/posts\/149725","targetHints":{"allow":["GET"]}}],"collection":[{"href":"https:\/\/cdnoticias.com\/index.php\/wp-json\/wp\/v2\/posts"}],"about":[{"href":"https:\/\/cdnoticias.com\/index.php\/wp-json\/wp\/v2\/types\/post"}],"author":[{"embeddable":true,"href":"https:\/\/cdnoticias.com\/index.php\/wp-json\/wp\/v2\/users\/96739694"}],"replies":[{"embeddable":true,"href":"https:\/\/cdnoticias.com\/index.php\/wp-json\/wp\/v2\/comments?post=149725"}],"version-history":[{"count":0,"href":"https:\/\/cdnoticias.com\/index.php\/wp-json\/wp\/v2\/posts\/149725\/revisions"}],"wp:featuredmedia":[{"embeddable":true,"href":"https:\/\/cdnoticias.com\/index.php\/wp-json\/wp\/v2\/media\/149726"}],"wp:attachment":[{"href":"https:\/\/cdnoticias.com\/index.php\/wp-json\/wp\/v2\/media?parent=149725"}],"wp:term":[{"taxonomy":"category","embeddable":true,"href":"https:\/\/cdnoticias.com\/index.php\/wp-json\/wp\/v2\/categories?post=149725"},{"taxonomy":"post_tag","embeddable":true,"href":"https:\/\/cdnoticias.com\/index.php\/wp-json\/wp\/v2\/tags?post=149725"}],"curies":[{"name":"wp","href":"https:\/\/api.w.org\/{rel}","templated":true}]}}