{"id":149696,"date":"2022-07-08T14:40:55","date_gmt":"2022-07-08T17:40:55","guid":{"rendered":"http:\/\/centraldeportes.com.ar\/?p=19117"},"modified":"2022-07-08T14:40:55","modified_gmt":"2022-07-08T17:40:55","slug":"se-inicia-la-definicion-en-el-torneo-interbarrial","status":"publish","type":"post","link":"https:\/\/cdnoticias.com\/index.php\/2022\/07\/08\/se-inicia-la-definicion-en-el-torneo-interbarrial\/","title":{"rendered":"Se inicia la definici\u00f3n en el Torneo Interbarrial"},"content":{"rendered":"<p>El Torneo Interbarrial de F\u00fatbol, organizado desde la Subsecretar\u00eda de Deportes y con la colaboraci\u00f3n activa de l\u00edderes barriales, ingres\u00f3 en etapa de definiciones y este fin de semana conocer\u00e1 a los equipos vencedores en las categor\u00edas menores y juveniles.<\/p>\n<p><!--more--><\/p>\n<hr \/>\n<p>La actividad se llevar\u00e1 a cabo este s\u00e1bado en las canchas sint\u00e9ticas del Club El Fort\u00edn, donde se llevar\u00e1n a cabo los playoffs y, posteriormente, la entrega de medallas.<\/p>\n<p>&nbsp;<\/p>\n<p>La competencia se inici\u00f3 a fines del pasado mes de abril y tomaron parte alrededor de 700 chicos y chicas de distintos puntos de la ciudad de Olavarr\u00eda. Adem\u00e1s de profesores integrantes del staff municipal, cada jornada cuenta adem\u00e1s con la colaboraci\u00f3n de estudiantes avanzados del Instituto Superior de Educaci\u00f3n F\u00edsica (ISFD 47).<\/p>\n<p>&nbsp;<\/p>\n<p>En los pr\u00f3ximos fines de semana ser\u00e1 el momento de la definici\u00f3n tanto en al categor\u00eda Sub13 como en la Sub16, que d\u00edas atr\u00e1s tuvo el cierre de la primera. Por \u00faltimo, se inform\u00f3 que luego del receso invernal se llevar\u00e1 a cabo un nuevo certamen.<\/p>\n","protected":false},"excerpt":{"rendered":"<p>El Torneo Interbarrial de F\u00fatbol, organizado desde la Subsecretar\u00eda de Deportes y con la colaboraci\u00f3n activa de l\u00edderes barriales, ingres\u00f3<\/p>\n","protected":false},"author":96739694,"featured_media":149697,"comment_status":"closed","ping_status":"closed","sticky":false,"template":"","format":"standard","meta":{"_jetpack_memberships_contains_paid_content":false,"footnotes":""},"categories":[35,1],"tags":[],"class_list":["post-149696","post","type-post","status-publish","format-standard","has-post-thumbnail","hentry","category-futbol","category-portada"],"jetpack_featured_media_url":"https:\/\/i0.wp.com\/cdnoticias.com\/wp-content\/uploads\/2022\/07\/Deportes-Interbarrial-1-1024x685.jpg?fit=1024%2C685&ssl=1","jetpack_sharing_enabled":true,"_links":{"self":[{"href":"https:\/\/cdnoticias.com\/index.php\/wp-json\/wp\/v2\/posts\/149696","targetHints":{"allow":["GET"]}}],"collection":[{"href":"https:\/\/cdnoticias.com\/index.php\/wp-json\/wp\/v2\/posts"}],"about":[{"href":"https:\/\/cdnoticias.com\/index.php\/wp-json\/wp\/v2\/types\/post"}],"author":[{"embeddable":true,"href":"https:\/\/cdnoticias.com\/index.php\/wp-json\/wp\/v2\/users\/96739694"}],"replies":[{"embeddable":true,"href":"https:\/\/cdnoticias.com\/index.php\/wp-json\/wp\/v2\/comments?post=149696"}],"version-history":[{"count":0,"href":"https:\/\/cdnoticias.com\/index.php\/wp-json\/wp\/v2\/posts\/149696\/revisions"}],"wp:featuredmedia":[{"embeddable":true,"href":"https:\/\/cdnoticias.com\/index.php\/wp-json\/wp\/v2\/media\/149697"}],"wp:attachment":[{"href":"https:\/\/cdnoticias.com\/index.php\/wp-json\/wp\/v2\/media?parent=149696"}],"wp:term":[{"taxonomy":"category","embeddable":true,"href":"https:\/\/cdnoticias.com\/index.php\/wp-json\/wp\/v2\/categories?post=149696"},{"taxonomy":"post_tag","embeddable":true,"href":"https:\/\/cdnoticias.com\/index.php\/wp-json\/wp\/v2\/tags?post=149696"}],"curies":[{"name":"wp","href":"https:\/\/api.w.org\/{rel}","templated":true}]}}