{"id":149692,"date":"2022-07-08T18:57:33","date_gmt":"2022-07-08T21:57:33","guid":{"rendered":"http:\/\/centraldeportes.com.ar\/?p=19124"},"modified":"2022-07-08T18:57:33","modified_gmt":"2022-07-08T21:57:33","slug":"debut-para-muchos-en-un-torneo-en-el-tiro-federal","status":"publish","type":"post","link":"https:\/\/cdnoticias.com\/index.php\/2022\/07\/08\/debut-para-muchos-en-un-torneo-en-el-tiro-federal\/","title":{"rendered":"Debut para muchos en un Torneo en el Tiro Federal"},"content":{"rendered":"<p>El pasado s\u00e1bado el Tiro Federal organiz\u00f3 el primer torneo social de arma neum\u00e1tica y estuvo dividido en diferentes categor\u00edas que cont\u00f3 con un gran n\u00famero de deportistas que tuvieron sus primeras experiencias.<!--more--><\/p>\n<hr \/>\n<p>El certamen se llev\u00f3 a cabo en el stand \u201cLola S\u00e1nchez\u201d y tuvo lugar en la jornada del pasado s\u00e1bado con el triunfo para Cintia Bah\u00eda con 558 en la divisional carabina neum\u00e1tica ol\u00edmpica. Aaron Bah\u00eda qued\u00f3 en la segunda posici\u00f3n con 556.<\/p>\n<p>&nbsp;<\/p>\n<p>Adem\u00e1s, hubo presencia en otras categor\u00edas: en mini y junior inicial fue con apoyo; mientras que en junior y mayores lo hicieron sin apoyo.<\/p>\n<p>&nbsp;<\/p>\n<p>Mini: Santino Ciancio (195\/200), Feliciano Casiraghi (181\/200), Baltazar Daugerot (177\/200), Renzo Laborde (151\/200). Juveniles inicial: Valent\u00edn Angulo (286\/300). Juveniles: Santiago Gherardi (270\/300), Valentino Rossi (268\/300), Thiago Mart\u00ednez (265\/300), Benjam\u00edn Arouxet (264\/300), Mateo Paz (257\/300) y Agust\u00edn Donza (225\/300).<\/p>\n<p>&nbsp;<\/p>\n<p>A su vez, en mayores quedaron as\u00ed: Ra\u00fal Barda (286\/300), Nicol\u00e1s Aizcorbe (286\/300), Gonzalo Pallero (261\/300) y Marcelo San Juli\u00e1n (246\/300). Se trat\u00f3, para muchos, del primer acercamiento a la competencia ya que son alumnos de la escuela que funciona todas las semanas a cargo de Daniel S\u00e1nchez.<\/p>\n","protected":false},"excerpt":{"rendered":"<p>El pasado s\u00e1bado el Tiro Federal organiz\u00f3 el primer torneo social de arma neum\u00e1tica y estuvo dividido en diferentes categor\u00edas<\/p>\n","protected":false},"author":96739694,"featured_media":144302,"comment_status":"closed","ping_status":"closed","sticky":false,"template":"","format":"standard","meta":{"_jetpack_memberships_contains_paid_content":false,"footnotes":""},"categories":[30,1],"tags":[],"class_list":["post-149692","post","type-post","status-publish","format-standard","has-post-thumbnail","hentry","category-polideportivo","category-portada"],"jetpack_featured_media_url":"https:\/\/i0.wp.com\/cdnoticias.com\/wp-content\/uploads\/2021\/10\/tiro-2.png?fit=1280%2C853&ssl=1","jetpack_sharing_enabled":true,"_links":{"self":[{"href":"https:\/\/cdnoticias.com\/index.php\/wp-json\/wp\/v2\/posts\/149692","targetHints":{"allow":["GET"]}}],"collection":[{"href":"https:\/\/cdnoticias.com\/index.php\/wp-json\/wp\/v2\/posts"}],"about":[{"href":"https:\/\/cdnoticias.com\/index.php\/wp-json\/wp\/v2\/types\/post"}],"author":[{"embeddable":true,"href":"https:\/\/cdnoticias.com\/index.php\/wp-json\/wp\/v2\/users\/96739694"}],"replies":[{"embeddable":true,"href":"https:\/\/cdnoticias.com\/index.php\/wp-json\/wp\/v2\/comments?post=149692"}],"version-history":[{"count":0,"href":"https:\/\/cdnoticias.com\/index.php\/wp-json\/wp\/v2\/posts\/149692\/revisions"}],"wp:featuredmedia":[{"embeddable":true,"href":"https:\/\/cdnoticias.com\/index.php\/wp-json\/wp\/v2\/media\/144302"}],"wp:attachment":[{"href":"https:\/\/cdnoticias.com\/index.php\/wp-json\/wp\/v2\/media?parent=149692"}],"wp:term":[{"taxonomy":"category","embeddable":true,"href":"https:\/\/cdnoticias.com\/index.php\/wp-json\/wp\/v2\/categories?post=149692"},{"taxonomy":"post_tag","embeddable":true,"href":"https:\/\/cdnoticias.com\/index.php\/wp-json\/wp\/v2\/tags?post=149692"}],"curies":[{"name":"wp","href":"https:\/\/api.w.org\/{rel}","templated":true}]}}