{"id":149659,"date":"2022-07-02T19:36:40","date_gmt":"2022-07-02T22:36:40","guid":{"rendered":"http:\/\/centraldeportes.com.ar\/?p=18822"},"modified":"2025-02-02T20:11:19","modified_gmt":"2025-02-02T23:11:19","slug":"walter-herrmann-estar-en-una-cancha-de-basquet-siempre-es-un-placer","status":"publish","type":"post","link":"https:\/\/cdnoticias.com\/index.php\/2022\/07\/02\/walter-herrmann-estar-en-una-cancha-de-basquet-siempre-es-un-placer\/","title":{"rendered":"Walter Herrmann: \u201cEstar en una cancha de b\u00e1squet siempre es un placer\u201d"},"content":{"rendered":"<p>El campe\u00f3n ol\u00edmpico se manifest\u00f3 luego del \u201cPartido de las Estrellas\u201d y dio detalles del Campus ADN \u201cFormaci\u00f3n Ol\u00edmpica\u201d organizado en el Club San Mart\u00edn de Sierras Bayas.<!--more--><\/p>\n<hr \/>\n<p>La presencia de Walter Herrmann revolucion\u00f3 al b\u00e1squet olavarriense este fin de semana. Es que <strong>el integrante de la Generaci\u00f3n Dorada del b\u00e1squet argentino se encuentra abocado al Campus de ense\u00f1anza \u201cFormaci\u00f3n Ol\u00edmpica\u201d, destinado para ni\u00f1os y ni\u00f1as de entre 7 y 13 a\u00f1os<\/strong>. Luego de haber disputado <a href=\"http:\/\/centraldeportes.com.ar\/con-la-presencia-de-walter-herrmann-san-martin-recibio-el-juego-de-las-estrellas\/\">el \u201cJuego de las Estrellas\u201d en la noche del pasado viernes<\/a>, el ex NBA hablo con la prensa.<\/p>\n<p>&nbsp;<\/p>\n<p><em>&#8220;<strong>Estar en una cancha de b\u00e1squet siempre es un placer<\/strong>&#8220;,<\/em>\u00a0fueron las primeras palabras de Herrmann y agreg\u00f3: \u201c<strong>Este<\/strong><em><strong> Campus se arm\u00f3 hace un a\u00f1o en Espa\u00f1a y decidimos traerlo a Argentina con Juli\u00e1n Pagura, <\/strong>que d<\/em><em>a la casualidad que ambos somos de Venado Tuerto, nos gusta ense\u00f1ar y por eso se arm\u00f3 todo para que el mes de julio sea una catarata de ense\u00f1anza con el Campus\u201d.<\/em><\/p>\n<p>&nbsp;<\/p>\n<p><em>\u201cTen\u00edamos muchas ansias de arrancar, sobre todo porque es el primero\u201d<\/em>, se\u00f1al\u00f3 el \u201cConde\u201d con respecto al evento organizado en San Mart\u00edn y m\u00e1s tarde prosigui\u00f3: <em>\u201c<strong>La aceptaci\u00f3n es buen\u00edsima, se nota la educaci\u00f3n de los chicos y eso es s\u00faper importante para el aprendizaje<\/strong>\u201d<\/em>, destac\u00f3.<\/p>\n<p>&nbsp;<\/p>\n<p><img data-recalc-dims=\"1\" loading=\"lazy\" decoding=\"async\" class=\"aligncenter size-full wp-image-18764\" src=\"https:\/\/i0.wp.com\/centraldeportes.com.ar\/wp-content\/uploads\/2022\/07\/WhatsApp-Image-2022-07-01-at-10.44.06-PM-2.jpeg?resize=800%2C533\" alt=\"\" width=\"800\" height=\"533\" \/><\/p>\n<p>&nbsp;<\/p>\n<p>En cuanto al transcurso del primer d\u00eda de Campus, el ex San Lorenzo analiz\u00f3: \u201c<em>Se formaron excelentes grupos, en cuanto a matr\u00edculas nosotros tenemos cupos limitados por una cuesti\u00f3n de los entrenadores. <strong>En lo personal, me gusta trabajar en profundidad la tecnificaci\u00f3n con cada uno, que es similar para chicos y chicas<\/strong>\u201d.<\/em><\/p>\n<p>&nbsp;<\/p>\n<p><em>\u201c<strong>A los chicos los vi s\u00faper bien, hay buen nivel aunque uno en la cancha siempre quiere ganar<\/strong>\u201d<\/em>, sostuvo Herrmann en cuanto al partido que disput\u00f3 con ex jugadores y representantes olavarrienses de las distintas Ligas del pa\u00eds. <em>\u00a0<\/em><\/p>\n<p>&nbsp;<\/p>\n<p><img data-recalc-dims=\"1\" loading=\"lazy\" decoding=\"async\" class=\"aligncenter size-full wp-image-18771\" src=\"https:\/\/i0.wp.com\/centraldeportes.com.ar\/wp-content\/uploads\/2022\/07\/herrmann-1.jpg?resize=800%2C533\" alt=\"\" width=\"800\" height=\"533\" \/><\/p>\n<p>&nbsp;<\/p>\n<p>El convocante evento tuvo su lado solidario con la contribuci\u00f3n de alimentos no perecederos destinados a Desarrollo Social de la Delegaci\u00f3n de Sierras Bayas y al Hogar de Ni\u00f1as \u201cSan Jos\u00e9\u201d. \u201c<em><strong>Lo de la gente que se acerc\u00f3 es incre\u00edble, se predispone much\u00edsimo cuando un evento es solidario<\/strong>\u201d<\/em>, recalc\u00f3 el campe\u00f3n ol\u00edmpico con la Selecci\u00f3n Argentina y luego concluy\u00f3: \u201c<em>Este tipo de acontecimientos son familiares y a nosotros nos viene bien porque muchos ni\u00f1os y ni\u00f1as lo ven, quiz\u00e1 les atrae <strong>el b\u00e1squet<\/strong> y esta bueno porque <strong>es un deporte que tiene unos valores incre\u00edbles<\/strong>\u201d<\/em>, finaliz\u00f3.<\/p>\n","protected":false},"excerpt":{"rendered":"<p>El campe\u00f3n ol\u00edmpico se manifest\u00f3 luego del \u201cPartido de las Estrellas\u201d y dio detalles del Campus ADN \u201cFormaci\u00f3n Ol\u00edmpica\u201d organizado<\/p>\n","protected":false},"author":96739694,"featured_media":149662,"comment_status":"closed","ping_status":"closed","sticky":false,"template":"","format":"standard","meta":{"_jetpack_memberships_contains_paid_content":false,"footnotes":""},"categories":[31,1],"tags":[],"class_list":["post-149659","post","type-post","status-publish","format-standard","has-post-thumbnail","hentry","category-basquet","category-portada"],"jetpack_featured_media_url":"https:\/\/i0.wp.com\/cdnoticias.com\/wp-content\/uploads\/2022\/07\/WhatsApp-Image-2022-07-01-at-10.44.06-PM-1.jpeg?fit=1600%2C1066&ssl=1","jetpack_sharing_enabled":true,"_links":{"self":[{"href":"https:\/\/cdnoticias.com\/index.php\/wp-json\/wp\/v2\/posts\/149659","targetHints":{"allow":["GET"]}}],"collection":[{"href":"https:\/\/cdnoticias.com\/index.php\/wp-json\/wp\/v2\/posts"}],"about":[{"href":"https:\/\/cdnoticias.com\/index.php\/wp-json\/wp\/v2\/types\/post"}],"author":[{"embeddable":true,"href":"https:\/\/cdnoticias.com\/index.php\/wp-json\/wp\/v2\/users\/96739694"}],"replies":[{"embeddable":true,"href":"https:\/\/cdnoticias.com\/index.php\/wp-json\/wp\/v2\/comments?post=149659"}],"version-history":[{"count":0,"href":"https:\/\/cdnoticias.com\/index.php\/wp-json\/wp\/v2\/posts\/149659\/revisions"}],"wp:featuredmedia":[{"embeddable":true,"href":"https:\/\/cdnoticias.com\/index.php\/wp-json\/wp\/v2\/media\/149662"}],"wp:attachment":[{"href":"https:\/\/cdnoticias.com\/index.php\/wp-json\/wp\/v2\/media?parent=149659"}],"wp:term":[{"taxonomy":"category","embeddable":true,"href":"https:\/\/cdnoticias.com\/index.php\/wp-json\/wp\/v2\/categories?post=149659"},{"taxonomy":"post_tag","embeddable":true,"href":"https:\/\/cdnoticias.com\/index.php\/wp-json\/wp\/v2\/tags?post=149659"}],"curies":[{"name":"wp","href":"https:\/\/api.w.org\/{rel}","templated":true}]}}