{"id":149653,"date":"2022-07-03T12:09:29","date_gmt":"2022-07-03T15:09:29","guid":{"rendered":"http:\/\/centraldeportes.com.ar\/?p=18843"},"modified":"2025-02-02T20:11:13","modified_gmt":"2025-02-02T23:11:13","slug":"nuevo-equipo-en-liga-nacional-para-alejandro-diez","status":"publish","type":"post","link":"https:\/\/cdnoticias.com\/index.php\/2022\/07\/03\/nuevo-equipo-en-liga-nacional-para-alejandro-diez\/","title":{"rendered":"Nuevo equipo en Liga Nacional para Alejandro Diez"},"content":{"rendered":"<p>Alejandro Diez jugar\u00e1 en Regatas de Corrientes seg\u00fan oficializ\u00f3 la entidad en la noche del s\u00e1bado.<!--more--><\/p>\n<hr \/>\n<p>El ala-pivot olavarriense jugar\u00e1 su 20\u00b0 temporada en la Liga Nacional y sumar\u00e1 un s\u00e9ptimo equipo en la categor\u00eda ya que registra paso por Estudiantes de Olavarr\u00eda, Pe\u00f1arol de Mar del Plata, Boca Juniors, Olimpo y Quimsa de Santiago del Estero, Platense y Comunicaciones.<\/p>\n<p>&nbsp;<\/p>\n<p>El deportista de 35 a\u00f1os es el octavo jugador con m\u00e1s presencias en la historia de la competencia y fue confirmado como ficha del \u201cRemero\u201d en las \u00faltimas horas del s\u00e1bado.<\/p>\n","protected":false},"excerpt":{"rendered":"<p>Alejandro Diez jugar\u00e1 en Regatas de Corrientes seg\u00fan oficializ\u00f3 la entidad en la noche del s\u00e1bado.<\/p>\n","protected":false},"author":96739694,"featured_media":149654,"comment_status":"closed","ping_status":"closed","sticky":false,"template":"","format":"standard","meta":{"_jetpack_memberships_contains_paid_content":false,"footnotes":""},"categories":[31,36,1],"tags":[],"class_list":["post-149653","post","type-post","status-publish","format-standard","has-post-thumbnail","hentry","category-basquet","category-liga-nacional","category-portada"],"jetpack_featured_media_url":"https:\/\/i0.wp.com\/cdnoticias.com\/wp-content\/uploads\/2022\/07\/diez.png?fit=800%2C445&ssl=1","jetpack_sharing_enabled":true,"_links":{"self":[{"href":"https:\/\/cdnoticias.com\/index.php\/wp-json\/wp\/v2\/posts\/149653","targetHints":{"allow":["GET"]}}],"collection":[{"href":"https:\/\/cdnoticias.com\/index.php\/wp-json\/wp\/v2\/posts"}],"about":[{"href":"https:\/\/cdnoticias.com\/index.php\/wp-json\/wp\/v2\/types\/post"}],"author":[{"embeddable":true,"href":"https:\/\/cdnoticias.com\/index.php\/wp-json\/wp\/v2\/users\/96739694"}],"replies":[{"embeddable":true,"href":"https:\/\/cdnoticias.com\/index.php\/wp-json\/wp\/v2\/comments?post=149653"}],"version-history":[{"count":0,"href":"https:\/\/cdnoticias.com\/index.php\/wp-json\/wp\/v2\/posts\/149653\/revisions"}],"wp:featuredmedia":[{"embeddable":true,"href":"https:\/\/cdnoticias.com\/index.php\/wp-json\/wp\/v2\/media\/149654"}],"wp:attachment":[{"href":"https:\/\/cdnoticias.com\/index.php\/wp-json\/wp\/v2\/media?parent=149653"}],"wp:term":[{"taxonomy":"category","embeddable":true,"href":"https:\/\/cdnoticias.com\/index.php\/wp-json\/wp\/v2\/categories?post=149653"},{"taxonomy":"post_tag","embeddable":true,"href":"https:\/\/cdnoticias.com\/index.php\/wp-json\/wp\/v2\/tags?post=149653"}],"curies":[{"name":"wp","href":"https:\/\/api.w.org\/{rel}","templated":true}]}}