{"id":149647,"date":"2022-07-03T17:24:26","date_gmt":"2022-07-03T20:24:26","guid":{"rendered":"http:\/\/centraldeportes.com.ar\/?p=18887"},"modified":"2025-02-02T20:10:59","modified_gmt":"2025-02-02T23:10:59","slug":"hubo-boxeo-en-azul-con-triunfo-olavarriense","status":"publish","type":"post","link":"https:\/\/cdnoticias.com\/index.php\/2022\/07\/03\/hubo-boxeo-en-azul-con-triunfo-olavarriense\/","title":{"rendered":"Hubo boxeo en Azul con triunfo olavarriense"},"content":{"rendered":"<p>En la noche del s\u00e1bado, Franco Teves tuvo su debut arriba de un ring y fue con festejo en un Festival organizado por la Academia de de Box y fiscalizado por la Comisi\u00f3n de Boxeo de Azul.<\/p>\n<p><!--more--><\/p>\n<hr \/>\n<p>La velada con 12 peleas amateurs se realiz\u00f3 en el gimnasio de Azul Athletic y tuvo la presencia de un debutantede 22 a\u00f1os de la escuela de Oto Box que se enfrent\u00f3 a Iago Adauto de Mar del Tuy\u00fa.<\/p>\n<p>&nbsp;<\/p>\n<p>Franco Teves que estuvo acompa\u00f1ado por Dar\u00edo y El\u00edas Olivetto, tuvo un gran debut sobre un ring y fue triunfo en decisi\u00f3n un\u00e1nime.<\/p>\n","protected":false},"excerpt":{"rendered":"<p>En la noche del s\u00e1bado, Franco Teves tuvo su debut arriba de un ring y fue con festejo en un<\/p>\n","protected":false},"author":96739694,"featured_media":149648,"comment_status":"closed","ping_status":"closed","sticky":false,"template":"","format":"standard","meta":{"_jetpack_memberships_contains_paid_content":false,"footnotes":""},"categories":[30,1],"tags":[],"class_list":["post-149647","post","type-post","status-publish","format-standard","has-post-thumbnail","hentry","category-polideportivo","category-portada"],"jetpack_featured_media_url":"https:\/\/i0.wp.com\/cdnoticias.com\/wp-content\/uploads\/2022\/07\/boxeo.png?fit=800%2C445&ssl=1","jetpack_sharing_enabled":true,"_links":{"self":[{"href":"https:\/\/cdnoticias.com\/index.php\/wp-json\/wp\/v2\/posts\/149647","targetHints":{"allow":["GET"]}}],"collection":[{"href":"https:\/\/cdnoticias.com\/index.php\/wp-json\/wp\/v2\/posts"}],"about":[{"href":"https:\/\/cdnoticias.com\/index.php\/wp-json\/wp\/v2\/types\/post"}],"author":[{"embeddable":true,"href":"https:\/\/cdnoticias.com\/index.php\/wp-json\/wp\/v2\/users\/96739694"}],"replies":[{"embeddable":true,"href":"https:\/\/cdnoticias.com\/index.php\/wp-json\/wp\/v2\/comments?post=149647"}],"version-history":[{"count":0,"href":"https:\/\/cdnoticias.com\/index.php\/wp-json\/wp\/v2\/posts\/149647\/revisions"}],"wp:featuredmedia":[{"embeddable":true,"href":"https:\/\/cdnoticias.com\/index.php\/wp-json\/wp\/v2\/media\/149648"}],"wp:attachment":[{"href":"https:\/\/cdnoticias.com\/index.php\/wp-json\/wp\/v2\/media?parent=149647"}],"wp:term":[{"taxonomy":"category","embeddable":true,"href":"https:\/\/cdnoticias.com\/index.php\/wp-json\/wp\/v2\/categories?post=149647"},{"taxonomy":"post_tag","embeddable":true,"href":"https:\/\/cdnoticias.com\/index.php\/wp-json\/wp\/v2\/tags?post=149647"}],"curies":[{"name":"wp","href":"https:\/\/api.w.org\/{rel}","templated":true}]}}