{"id":149620,"date":"2022-07-04T20:42:57","date_gmt":"2022-07-04T23:42:57","guid":{"rendered":"http:\/\/centraldeportes.com.ar\/?p=18985"},"modified":"2025-02-02T20:10:16","modified_gmt":"2025-02-02T23:10:16","slug":"el-cross-de-sierra-chica-tuvo-tambien-carrera-para-infantes","status":"publish","type":"post","link":"https:\/\/cdnoticias.com\/index.php\/2022\/07\/04\/el-cross-de-sierra-chica-tuvo-tambien-carrera-para-infantes\/","title":{"rendered":"El &#8220;Cross de Sierra Chica&#8221; tuvo tambi\u00e9n carrera para infantes"},"content":{"rendered":"<p>La carrera aniversario del CEF N\u00b0100 que se realiz\u00f3 el pasado domingo, tuvo su broche de oro con la primera edici\u00f3n de la carrera de infantiles.<!--more--><\/p>\n<hr \/>\n<p>El C\u00edrculo de Atletas Veteranos de Olavarr\u00eda organiz\u00f3, en conjunto con la Municipalidad de Olavarr\u00eda, la primera carrera para peque\u00f1os y peque\u00f1as desde los 3 a\u00f1os y marcar\u00e1 un antes y un despu\u00e9s en los eventos de pedetrismo, atletismo, cross y trailrun ya que se decidi\u00f3 que en todos los eventos haya un espacio reservado para la iniciaci\u00f3n deportiva.<\/p>\n<p>&nbsp;<\/p>\n<p>De la primera competencia participaron m\u00e1s de una veintena de deportistas en formaci\u00f3n que recibieron una medalla al cruzar el globo de llegada.<\/p>\n","protected":false},"excerpt":{"rendered":"<p>La carrera aniversario del CEF N\u00b0100 que se realiz\u00f3 el pasado domingo, tuvo su broche de oro con la primera<\/p>\n","protected":false},"author":96739694,"featured_media":149621,"comment_status":"closed","ping_status":"closed","sticky":false,"template":"","format":"standard","meta":{"_jetpack_memberships_contains_paid_content":false,"footnotes":""},"categories":[38,1],"tags":[],"class_list":["post-149620","post","type-post","status-publish","format-standard","has-post-thumbnail","hentry","category-pedestrismo","category-portada"],"jetpack_featured_media_url":"https:\/\/i0.wp.com\/cdnoticias.com\/wp-content\/uploads\/2022\/07\/291239527_3202230963380076_8451562976948293575_n-e1656978163866.jpg?fit=1080%2C769&ssl=1","jetpack_sharing_enabled":true,"_links":{"self":[{"href":"https:\/\/cdnoticias.com\/index.php\/wp-json\/wp\/v2\/posts\/149620","targetHints":{"allow":["GET"]}}],"collection":[{"href":"https:\/\/cdnoticias.com\/index.php\/wp-json\/wp\/v2\/posts"}],"about":[{"href":"https:\/\/cdnoticias.com\/index.php\/wp-json\/wp\/v2\/types\/post"}],"author":[{"embeddable":true,"href":"https:\/\/cdnoticias.com\/index.php\/wp-json\/wp\/v2\/users\/96739694"}],"replies":[{"embeddable":true,"href":"https:\/\/cdnoticias.com\/index.php\/wp-json\/wp\/v2\/comments?post=149620"}],"version-history":[{"count":0,"href":"https:\/\/cdnoticias.com\/index.php\/wp-json\/wp\/v2\/posts\/149620\/revisions"}],"wp:featuredmedia":[{"embeddable":true,"href":"https:\/\/cdnoticias.com\/index.php\/wp-json\/wp\/v2\/media\/149621"}],"wp:attachment":[{"href":"https:\/\/cdnoticias.com\/index.php\/wp-json\/wp\/v2\/media?parent=149620"}],"wp:term":[{"taxonomy":"category","embeddable":true,"href":"https:\/\/cdnoticias.com\/index.php\/wp-json\/wp\/v2\/categories?post=149620"},{"taxonomy":"post_tag","embeddable":true,"href":"https:\/\/cdnoticias.com\/index.php\/wp-json\/wp\/v2\/tags?post=149620"}],"curies":[{"name":"wp","href":"https:\/\/api.w.org\/{rel}","templated":true}]}}