{"id":149489,"date":"2022-06-25T13:32:59","date_gmt":"2022-06-25T16:32:59","guid":{"rendered":"http:\/\/centraldeportes.com.ar\/?p=18398"},"modified":"2022-06-25T13:32:59","modified_gmt":"2022-06-25T16:32:59","slug":"despedida-en-semifinales-para-chingotto-y-tello","status":"publish","type":"post","link":"https:\/\/cdnoticias.com\/index.php\/2022\/06\/25\/despedida-en-semifinales-para-chingotto-y-tello\/","title":{"rendered":"Despedida en Semifinales para Chingotto y Tello"},"content":{"rendered":"<p>Federico Chingotto y Juan Tello terminaron su participaci\u00f3n en el M\u00e1ster de Valladolid con derrota ante la mejor pareja del mundo, Alejandro Gal\u00e1n y Juan Lebr\u00f3n.<\/p>\n<p><!--more--><\/p>\n<hr \/>\n<p>Chingotto y Tello cayeron ante Gal\u00e1n y Lebr\u00f3n por 6\/1, 1\/6 y 6\/3 en la instancia de Semifinales del segundo M\u00e1ster organizado por el World P\u00e1del Tour.<\/p>\n<p>&nbsp;<\/p>\n<p>El olavarriense y el cordob\u00e9s volver\u00e1n a pista el pr\u00f3ximo 4 de julio cuando de inici\u00f3 el Valencia Open.<\/p>\n","protected":false},"excerpt":{"rendered":"<p>Federico Chingotto y Juan Tello terminaron su participaci\u00f3n en el M\u00e1ster de Valladolid con derrota ante la mejor pareja del<\/p>\n","protected":false},"author":96739694,"featured_media":149490,"comment_status":"closed","ping_status":"closed","sticky":false,"template":"","format":"standard","meta":{"_jetpack_memberships_contains_paid_content":false,"footnotes":""},"categories":[30,1],"tags":[],"class_list":["post-149489","post","type-post","status-publish","format-standard","has-post-thumbnail","hentry","category-polideportivo","category-portada"],"jetpack_featured_media_url":"https:\/\/i0.wp.com\/cdnoticias.com\/wp-content\/uploads\/2022\/06\/WhatsApp-Image-2022-06-25-at-12.06.43-PM.jpeg?fit=1280%2C719&ssl=1","jetpack_sharing_enabled":true,"_links":{"self":[{"href":"https:\/\/cdnoticias.com\/index.php\/wp-json\/wp\/v2\/posts\/149489","targetHints":{"allow":["GET"]}}],"collection":[{"href":"https:\/\/cdnoticias.com\/index.php\/wp-json\/wp\/v2\/posts"}],"about":[{"href":"https:\/\/cdnoticias.com\/index.php\/wp-json\/wp\/v2\/types\/post"}],"author":[{"embeddable":true,"href":"https:\/\/cdnoticias.com\/index.php\/wp-json\/wp\/v2\/users\/96739694"}],"replies":[{"embeddable":true,"href":"https:\/\/cdnoticias.com\/index.php\/wp-json\/wp\/v2\/comments?post=149489"}],"version-history":[{"count":0,"href":"https:\/\/cdnoticias.com\/index.php\/wp-json\/wp\/v2\/posts\/149489\/revisions"}],"wp:featuredmedia":[{"embeddable":true,"href":"https:\/\/cdnoticias.com\/index.php\/wp-json\/wp\/v2\/media\/149490"}],"wp:attachment":[{"href":"https:\/\/cdnoticias.com\/index.php\/wp-json\/wp\/v2\/media?parent=149489"}],"wp:term":[{"taxonomy":"category","embeddable":true,"href":"https:\/\/cdnoticias.com\/index.php\/wp-json\/wp\/v2\/categories?post=149489"},{"taxonomy":"post_tag","embeddable":true,"href":"https:\/\/cdnoticias.com\/index.php\/wp-json\/wp\/v2\/tags?post=149489"}],"curies":[{"name":"wp","href":"https:\/\/api.w.org\/{rel}","templated":true}]}}