{"id":149475,"date":"2022-06-22T15:12:12","date_gmt":"2022-06-22T18:12:12","guid":{"rendered":"http:\/\/centraldeportes.com.ar\/?p=18279"},"modified":"2022-06-22T15:12:12","modified_gmt":"2022-06-22T18:12:12","slug":"en-el-enrique-de-la-quintana-jugaron-las-mujeres","status":"publish","type":"post","link":"https:\/\/cdnoticias.com\/index.php\/2022\/06\/22\/en-el-enrique-de-la-quintana-jugaron-las-mujeres\/","title":{"rendered":"En el Enrique De la Quintana jugaron las mujeres"},"content":{"rendered":"<p>Segunda fecha y segundo partido que no se disput\u00f3 en el Torneo Clausura \u201cMario Sebasti\u00e1n Esnal\u201d organizado por la Liga de F\u00fatbol de Olavarr\u00eda para el f\u00fatbol femenino.<\/p>\n<p><!--more--><\/p>\n<hr \/>\n<p>El pasado fin de semana se jug\u00f3 la segunda fecha del Torneo Clausura del f\u00fatbol femenino tanto en Primera Divisi\u00f3n como en las dos categor\u00edas formativas, pero qued\u00f3 pendiente el cruce entre el CEF N\u00b044 y Luj\u00e1n \u201cB\u201d que no se present\u00f3 a jugar a pesar de ser local en el Enrique De la Quintana en la tarde del domingo.<\/p>\n<p>&nbsp;<\/p>\n<p>El s\u00e1bado hab\u00eda sido turno para las categor\u00edas formativas en el Parque Guerrero.<\/p>\n<p>&nbsp;<\/p>\n<p>Los resultados:<\/p>\n<p>Primera:<br \/>\nFerroviario 2 (Susana Altamirano) \u2013 0 Blanca Chica<br \/>\nSierra Chica 3 (Morena Gorosito -2- y Betiana Pisso) \u2013 1 (Iara Niz) Luj\u00e1n<br \/>\nMu\u00f1oz 5 (Claudia Zapata, Romina Rivarola, Florencia Prodan y Sonia Tavares -2-) \u2013 0 Ferro<br \/>\nRacing 2 (Sof\u00eda Ortiz y Lucrecia Wagner) \u2013 1 (Jaquelina Martin) Pueyrred\u00f3n<br \/>\nLujan \u201cB\u201d \u2013 CEF N\u00b044<br \/>\nLoma Negra 0 \u2013 3 (Noelia Vargas, Brisa Chazarreta y Guadalupe Laborde) Municipales<\/p>\n<p>Sub 13:<br \/>\nEstudiantes2 (Francesca Zanazzi y Paloma Varela) \u2013 1 (Paz Pittaluga) Ferroviario<br \/>\nRacing \u201cA\u201d 5 (Tatiana De La Torre, Isabella Ferro, Olivia Fugaracho (2) y Mia Duran) \u2013 4 (Isabella De La Millar -3- y Tina Rodas) Racing B<br \/>\nSierra Chica\/ CEF N\u00b044 6 (Sol Guti\u00e9rrez -2-, Clara Vallejos y Mia Moreyra -3-) \u2013 1 (Keyla Figlioli) Ferro<\/p>\n<p>Sub 15:<br \/>\nRacing 3 (Jazm\u00edn Vailati -3-) \u2013 1 (Valentina Aristegui) Sierra Chica<br \/>\nPueyrred\u00f3n 0 \u2013 1 (Estrella Rojas) CEF N\u00b044<br \/>\nEstudiantes 1 (Bianca Beratz) \u2013 1 (Nicole Zambrana) Ferro<\/p>\n","protected":false},"excerpt":{"rendered":"<p>Segunda fecha y segundo partido que no se disput\u00f3 en el Torneo Clausura \u201cMario Sebasti\u00e1n Esnal\u201d organizado por la Liga<\/p>\n","protected":false},"author":96739694,"featured_media":149476,"comment_status":"closed","ping_status":"closed","sticky":false,"template":"","format":"standard","meta":{"_jetpack_memberships_contains_paid_content":false,"footnotes":""},"categories":[47,35,1],"tags":[],"class_list":["post-149475","post","type-post","status-publish","format-standard","has-post-thumbnail","hentry","category-femenino","category-futbol","category-portada"],"jetpack_featured_media_url":"https:\/\/i0.wp.com\/cdnoticias.com\/wp-content\/uploads\/2022\/06\/futbol-fem-1.jpg?fit=1280%2C853&ssl=1","jetpack_sharing_enabled":true,"_links":{"self":[{"href":"https:\/\/cdnoticias.com\/index.php\/wp-json\/wp\/v2\/posts\/149475","targetHints":{"allow":["GET"]}}],"collection":[{"href":"https:\/\/cdnoticias.com\/index.php\/wp-json\/wp\/v2\/posts"}],"about":[{"href":"https:\/\/cdnoticias.com\/index.php\/wp-json\/wp\/v2\/types\/post"}],"author":[{"embeddable":true,"href":"https:\/\/cdnoticias.com\/index.php\/wp-json\/wp\/v2\/users\/96739694"}],"replies":[{"embeddable":true,"href":"https:\/\/cdnoticias.com\/index.php\/wp-json\/wp\/v2\/comments?post=149475"}],"version-history":[{"count":0,"href":"https:\/\/cdnoticias.com\/index.php\/wp-json\/wp\/v2\/posts\/149475\/revisions"}],"wp:featuredmedia":[{"embeddable":true,"href":"https:\/\/cdnoticias.com\/index.php\/wp-json\/wp\/v2\/media\/149476"}],"wp:attachment":[{"href":"https:\/\/cdnoticias.com\/index.php\/wp-json\/wp\/v2\/media?parent=149475"}],"wp:term":[{"taxonomy":"category","embeddable":true,"href":"https:\/\/cdnoticias.com\/index.php\/wp-json\/wp\/v2\/categories?post=149475"},{"taxonomy":"post_tag","embeddable":true,"href":"https:\/\/cdnoticias.com\/index.php\/wp-json\/wp\/v2\/tags?post=149475"}],"curies":[{"name":"wp","href":"https:\/\/api.w.org\/{rel}","templated":true}]}}