{"id":149462,"date":"2022-09-24T23:05:22","date_gmt":"2022-09-25T02:05:22","guid":{"rendered":"http:\/\/centraldeportes.com.ar\/?p=23638"},"modified":"2022-09-24T23:05:22","modified_gmt":"2022-09-25T02:05:22","slug":"damian-covatti-recibio-un-toque-en-el-sprint-del-top-race-series","status":"publish","type":"post","link":"https:\/\/cdnoticias.com\/index.php\/2022\/09\/24\/damian-covatti-recibio-un-toque-en-el-sprint-del-top-race-series\/","title":{"rendered":"Dami\u00e1n Covatti recibi\u00f3 un toque en el Sprint del Top Race Series"},"content":{"rendered":"<p>No pudo completar ni una sola vuelta el olavarriense, que fue perjudicado con un toque que lo oblig\u00f3 a desertar. Pablo Salerno, el otro local, con Fernando Zerbonia terminaron d\u00e9cimos en la primera de las dos finales que alterna pilotos invitados y titulares.<\/p>\n<p><!--more--><\/p>\n<hr \/>\n<p>Este s\u00e1bado en el aut\u00f3dromo \u201cHermanos Emiliozzi\u201d se complet\u00f3 la actividad prevista para la novena fecha del campeonato.<\/p>\n<p>&nbsp;<\/p>\n<p>En el Top Rave V6, Kevin Felippo se qued\u00f3 con el Sprint, escoltado por \u201cJosito&#8221; Di Plama. El tercer lugar lo ocup\u00f3 &#8220;Fefo&#8221; Di Palma que le gan\u00f3 el duelo a Diego Azar, que se debi\u00f3 conformar con el cuarto lugar. Este domingo desde las 11:33 hs disputar\u00e1n la final por la novena fecha.<\/p>\n<p>&nbsp;<\/p>\n<p>En las categor\u00edas teloneras hay presencia de los locales, en la divisional Series, Dami\u00e1n Covatti no tuvo suerte, ya que recibi\u00f3 un toque en el inicio mismo de la competencia y se vio obligado a abandonar.<\/p>\n<p>&nbsp;<\/p>\n<p>[soliloquy id=&#8221;23639&#8243;]<\/p>\n<p>&nbsp;<\/p>\n<p>El ganador del Sprint del Top Race Series fue Lucas Bohdanowicz, escoltado por Agust\u00edn Tambascio y Nicanor Santilli Pazos. La final para esta categor\u00eda se pondr\u00e1 en marcha a partir de las 10:30 hs.<\/p>\n<p>&nbsp;<\/p>\n<p>El otro olavarriense presente es Pablo Salerno, haciendo su debut junto a Fernando Zerbonia, en la competencia con pilotos invitados que disputa el Top Race Junior en esta novena fecha.<\/p>\n<p>&nbsp;<\/p>\n<p>Este s\u00e1bado, clasificaron en el noveno lugar y a la hora de la final culminaron viendo la bandera a cuadros en el d\u00e9cimo lugar.<\/p>\n<p>&nbsp;<\/p>\n<p>Mat\u00edas Montero, se qued\u00f3 con la victoria, mientras que Mart\u00edn Bailo y Franco Beatini completaron el podio de la primera carrera. Este domingo se disputar\u00e1 la segunda final desde las 9:20 hs.<\/p>\n","protected":false},"excerpt":{"rendered":"<p>No pudo completar ni una sola vuelta el olavarriense, que fue perjudicado con un toque que lo oblig\u00f3 a desertar.<\/p>\n","protected":false},"author":96739694,"featured_media":149463,"comment_status":"closed","ping_status":"closed","sticky":false,"template":"","format":"standard","meta":{"_jetpack_memberships_contains_paid_content":false,"footnotes":""},"categories":[34],"tags":[],"class_list":["post-149462","post","type-post","status-publish","format-standard","has-post-thumbnail","hentry","category-automovilismo"],"jetpack_featured_media_url":"https:\/\/i0.wp.com\/cdnoticias.com\/wp-content\/uploads\/2022\/09\/top-race-series-5.jpeg?fit=1500%2C1000&ssl=1","jetpack_sharing_enabled":true,"_links":{"self":[{"href":"https:\/\/cdnoticias.com\/index.php\/wp-json\/wp\/v2\/posts\/149462","targetHints":{"allow":["GET"]}}],"collection":[{"href":"https:\/\/cdnoticias.com\/index.php\/wp-json\/wp\/v2\/posts"}],"about":[{"href":"https:\/\/cdnoticias.com\/index.php\/wp-json\/wp\/v2\/types\/post"}],"author":[{"embeddable":true,"href":"https:\/\/cdnoticias.com\/index.php\/wp-json\/wp\/v2\/users\/96739694"}],"replies":[{"embeddable":true,"href":"https:\/\/cdnoticias.com\/index.php\/wp-json\/wp\/v2\/comments?post=149462"}],"version-history":[{"count":0,"href":"https:\/\/cdnoticias.com\/index.php\/wp-json\/wp\/v2\/posts\/149462\/revisions"}],"wp:featuredmedia":[{"embeddable":true,"href":"https:\/\/cdnoticias.com\/index.php\/wp-json\/wp\/v2\/media\/149463"}],"wp:attachment":[{"href":"https:\/\/cdnoticias.com\/index.php\/wp-json\/wp\/v2\/media?parent=149462"}],"wp:term":[{"taxonomy":"category","embeddable":true,"href":"https:\/\/cdnoticias.com\/index.php\/wp-json\/wp\/v2\/categories?post=149462"},{"taxonomy":"post_tag","embeddable":true,"href":"https:\/\/cdnoticias.com\/index.php\/wp-json\/wp\/v2\/tags?post=149462"}],"curies":[{"name":"wp","href":"https:\/\/api.w.org\/{rel}","templated":true}]}}