{"id":149444,"date":"2022-09-25T12:33:07","date_gmt":"2022-09-25T15:33:07","guid":{"rendered":"http:\/\/centraldeportes.com.ar\/?p=23658"},"modified":"2022-09-25T12:33:07","modified_gmt":"2022-09-25T15:33:07","slug":"entre-los-350-atletas-en-la-sumate-a-corim-los-mejores-fueron-los-fernandez","status":"publish","type":"post","link":"https:\/\/cdnoticias.com\/index.php\/2022\/09\/25\/entre-los-350-atletas-en-la-sumate-a-corim-los-mejores-fueron-los-fernandez\/","title":{"rendered":"Entre los 350 atletas en la \u201cSumate a Corim\u201d, los mejores fueron los Fern\u00e1ndez"},"content":{"rendered":"<p>Volvi\u00f3 la carrera de Corim y en la ma\u00f1ana de este domingo, m\u00e1s de 350 atletas se dieron cita en la competencia que dej\u00f3 como ganadores a Cecilia y Gustavo Fern\u00e1ndez.<!--more--><\/p>\n<hr \/>\n<p>Gustavo Fern\u00e1ndez con un tiempo de 34 minutos y 13 segundos fue el m\u00e1s r\u00e1pido en completar la distancia principal de 10 kil\u00f3metros en inmediaciones de la sede de Corim ubicada en el Barrio Los Robles.<\/p>\n<p>&nbsp;<\/p>\n<p>[soliloquy id=&#8221;23647&#8243;]<\/p>\n<p>&nbsp;<\/p>\n<p>Detr\u00e1s de Fern\u00e1ndez arribaron Diego D\u00edaz con 38:21 y Pablo Ingratta que se ubic\u00f3 tercero con 38:45. Adem\u00e1s, Jonathan Navarro con 40:46 y Marcos Gamondi con 41:06, completaron el podio.<\/p>\n<p>&nbsp;<\/p>\n<p>Entre las Damas, la m\u00e1s veloz fue Cecilia Fern\u00e1ndez que se impuso con 42:19 y fue escoltada por Antonella Andrada con 46:19 y Florencia Ju\u00e1rez con 48:17. El cuarto lugar fue para Rosana\u00a0 Luisetti con 49:33 y el quinto para Yesica Gonz\u00e1lez con 53:22.<\/p>\n<p>&nbsp;<\/p>\n<p>La competencia fiscalizada por el C\u00edrculo de Atletas Veteranos de Olavarr\u00eda tambi\u00e9n ofreci\u00f3 una distancia de 5K donde el triunfo en Caballeros fue para Salvador Silvero con Jerem\u00edas Peralta y Mat\u00edas Soler como escoltas y en las Damas la mejor fue Sof\u00eda Giles acompa\u00f1ada en el podio por Eliana Gonz\u00e1lez y Juliana Mitre.<\/p>\n","protected":false},"excerpt":{"rendered":"<p>Volvi\u00f3 la carrera de Corim y en la ma\u00f1ana de este domingo, m\u00e1s de 350 atletas se dieron cita en<\/p>\n","protected":false},"author":96739694,"featured_media":149445,"comment_status":"closed","ping_status":"closed","sticky":false,"template":"","format":"standard","meta":{"_jetpack_memberships_contains_paid_content":false,"footnotes":""},"categories":[38,1],"tags":[],"class_list":["post-149444","post","type-post","status-publish","format-standard","has-post-thumbnail","hentry","category-pedestrismo","category-portada"],"jetpack_featured_media_url":"https:\/\/i0.wp.com\/cdnoticias.com\/wp-content\/uploads\/2022\/09\/corim-1.png?fit=960%2C640&ssl=1","jetpack_sharing_enabled":true,"_links":{"self":[{"href":"https:\/\/cdnoticias.com\/index.php\/wp-json\/wp\/v2\/posts\/149444","targetHints":{"allow":["GET"]}}],"collection":[{"href":"https:\/\/cdnoticias.com\/index.php\/wp-json\/wp\/v2\/posts"}],"about":[{"href":"https:\/\/cdnoticias.com\/index.php\/wp-json\/wp\/v2\/types\/post"}],"author":[{"embeddable":true,"href":"https:\/\/cdnoticias.com\/index.php\/wp-json\/wp\/v2\/users\/96739694"}],"replies":[{"embeddable":true,"href":"https:\/\/cdnoticias.com\/index.php\/wp-json\/wp\/v2\/comments?post=149444"}],"version-history":[{"count":0,"href":"https:\/\/cdnoticias.com\/index.php\/wp-json\/wp\/v2\/posts\/149444\/revisions"}],"wp:featuredmedia":[{"embeddable":true,"href":"https:\/\/cdnoticias.com\/index.php\/wp-json\/wp\/v2\/media\/149445"}],"wp:attachment":[{"href":"https:\/\/cdnoticias.com\/index.php\/wp-json\/wp\/v2\/media?parent=149444"}],"wp:term":[{"taxonomy":"category","embeddable":true,"href":"https:\/\/cdnoticias.com\/index.php\/wp-json\/wp\/v2\/categories?post=149444"},{"taxonomy":"post_tag","embeddable":true,"href":"https:\/\/cdnoticias.com\/index.php\/wp-json\/wp\/v2\/tags?post=149444"}],"curies":[{"name":"wp","href":"https:\/\/api.w.org\/{rel}","templated":true}]}}