{"id":14944,"date":"2021-02-28T12:29:27","date_gmt":"2021-02-28T15:29:27","guid":{"rendered":"http:\/\/www.centraldenoticias.com.ar\/?p=14944"},"modified":"2021-02-28T12:29:27","modified_gmt":"2021-02-28T15:29:27","slug":"paritaria-tribuna-docente-rechazo-el-aumento-y-convoco-a-un-paro","status":"publish","type":"post","link":"https:\/\/cdnoticias.com\/index.php\/2021\/02\/28\/paritaria-tribuna-docente-rechazo-el-aumento-y-convoco-a-un-paro\/","title":{"rendered":"Paritaria: Tribuna Docente rechaz\u00f3 el aumento y convoc\u00f3 a un paro"},"content":{"rendered":"<p>La agrupaci\u00f3n sindical Tribuna Docente rechaz\u00f3 \u201cla propuesta salarial a la baja\u201d y se manifest\u00f3 \u201ccontra la presencialidad sin condiciones\u201d. Convoc\u00f3 al paro este lunes y martes.<!--more--><\/p>\n<hr \/>\n<p>La <strong>agrupaci\u00f3n sindical Tribuna Docente, con presencia en Olavarr\u00eda<\/strong>, se expres\u00f3 a trav\u00e9s de un comunicado en <strong>rechazo a la oferta presentada por la Gobernaci\u00f3n en la negociaci\u00f3n paritaria<\/strong> del sector y <strong>convoc\u00f3 a un paro<\/strong>.<\/p>\n<p>\u201cEntre gallos y medianoche el gobierno de Axel Kicillof present\u00f3 una propuesta salarial el viernes a la noche para cerrar la paritaria docente antes del inicio de clases del 1 de marzo. <strong>Esta propuesta consolida el salario docente por debajo de la canasta de pobreza<\/strong>, que hoy est\u00e1 en $56.000\u201d se manifest\u00f3. Se detall\u00f3 que \u201cel salario de una maestra sin antig\u00fcedad en marzo queda $ 15.000 debajo de la l\u00ednea de pobreza. Un preceptor sin antig\u00fcedad, $20.000 por debajo\u201d.<\/p>\n<p>Se tuvo en cuenta que la proyecci\u00f3n inflacionaria se ubica en el 50% seg\u00fan el c\u00e1lculo del Banco Central: \u201cpero Kicillof presenta una propuesta paritaria que <strong>perder\u00e1 un 15% este a\u00f1o<\/strong> y que se suma a la p\u00e9rdida del a\u00f1o pasado de un 8.5%\u201d.<\/p>\n<blockquote><p>A su vez hubo cuestionamientos ante el regreso a la presencialidad. \u201cEl gobierno no garantiza las condiciones de seguridad en las escuelas para avanzar en la presencialidad. Mientras se flexibilizan las condiciones sanitarias, de higiene y de infraestructura para la presencialidad, no ha habido obras y hay escuelas que siguen derruidas. Esto lo comprobamos en nuestra ciudad con lo que ocurre con la Escuela 50\u201d se detall\u00f3.<\/p><\/blockquote>\n<p>Para Tribuna Docente \u201c<strong>el gobierno de Kicillof busca la foto del inicio de clases con salarios de pobreza<\/strong>, a costa de mayores contagios y un derrumbe de la educaci\u00f3n\u201d. Los cuestionamientos se extendieron tambi\u00e9n a la dirigencia sindical que participa de la negociaci\u00f3n: \u201cBaradel, junto al FUDB, tienen un acuerdo para imponer la presencialidad sin garantizar las condiciones sanitarias y con salarios insuficientes ante la creciente inflaci\u00f3n\u201d.<\/p>\n<p><img data-recalc-dims=\"1\" loading=\"lazy\" decoding=\"async\" class=\"aligncenter wp-image-14946\" src=\"https:\/\/i0.wp.com\/cdnoticias.com\/wp-content\/uploads\/2021\/02\/docente-paro.jpg?resize=500%2C583&#038;ssl=1\" alt=\"\" width=\"500\" height=\"583\" srcset=\"https:\/\/i0.wp.com\/cdnoticias.com\/wp-content\/uploads\/2021\/02\/docente-paro.jpg?resize=258%2C300&amp;ssl=1 258w, https:\/\/i0.wp.com\/cdnoticias.com\/wp-content\/uploads\/2021\/02\/docente-paro.jpg?resize=768%2C895&amp;ssl=1 768w, https:\/\/i0.wp.com\/cdnoticias.com\/wp-content\/uploads\/2021\/02\/docente-paro.jpg?w=800&amp;ssl=1 800w\" sizes=\"auto, (max-width: 500px) 100vw, 500px\" \/><\/p>\n<p>En ese marco, <strong>se apunt\u00f3 contra Suteba y UDOCBA<\/strong>: \u201cno han llamado a asambleas previas, ni presentado un mandato para considerar la propuesta salarial, lo mismo en relaci\u00f3n a las condiciones sanitarias para el regreso a la presencialidad. Su \u00fanica preocupaci\u00f3n es sostener la pol\u00edtica del gobierno. Por su lado, UDOCBA rechaza la propuesta salarial pero, como el a\u00f1o pasado, no convoca a medidas de fuerza\u201d.<\/p>\n<p>Cabe recordar que los referentes de los sindicatos que participan de la negociaci\u00f3n paritaria adelantaron que <a href=\"https:\/\/cdnoticias.com\/index.php\/2021\/02\/28\/tras-la-oferta-salarial-tiempo-de-analisis-de-los-docentes-bonaerenses\/\" target=\"_blank\" rel=\"noopener\">durante este fin de semana se analizar\u00eda la propuesta salarial<\/a>.<\/p>\n<p>El pedido fue que el frente sindical, FUDB, se sume a la <strong>convocatoria al paro de 48 horas para lunes y martes<\/strong> \u201ccomo lo han resuelto los Sutebas Multicolor, llamando a asambleas para debatir con el conjunto de la docencia\u201d.<\/p>\n<blockquote><p>En este sentido, se subray\u00f3 que \u201cdesde Tribuna Docente Olavarr\u00eda vamos masivamente al paro de 48 horas el d\u00eda 1 y 2 de marzo que continua el 8 de marzo, paro internacional por las mujeres\u201d. Asimismo, se enfatiz\u00f3 que en m\u00e1s de una decena de provincias habr\u00e1 medidas de fuerza de los docentes.<\/p><\/blockquote>\n<p><strong>El paro<\/strong><\/p>\n<p>En el mismo comunicado se expusieron los reclamos de Tribuna Docente que sustentan el llamado a un paro de los trabajadores.<\/p>\n<p>\u201c<strong>Rechazo de la oferta insuficiente y tramposa<\/strong> del Gobierno y el Suteba\u201d y \u201cque se respete el <strong>\u00edndice epidemiol\u00f3gico de la Sociedad Argentina de Pediatr\u00eda (SAP)<\/strong> \u2013 menos de 20 casos cada 100 mil habitantes (medidos en los \u00faltimos 15 d\u00edas), para considerar la viabilidad del regreso a la presencialidad\u201d se destac\u00f3.<\/p>\n<p>M\u00e1s adelante se apunt\u00f3 a \u201c<strong>obras de reparaci\u00f3n, construcci\u00f3n de aulas y escuelas<\/strong>, para garantizar las condiciones de bioseguridad. Provisi\u00f3n de elementos de protecci\u00f3n e insumos de limpieza e higiene para todos los edificios escolares\u201d. Asimismo, se pidi\u00f3 un \u201c<strong>cronograma cierto de vacunaci\u00f3n de docentes y auxiliares<\/strong> en el marco de un plan de vacunaci\u00f3n universal\u201d.<\/p>\n<p>Adem\u00e1s, se presentaron planteos para la \u201ccreaci\u00f3n de nuevos cargos de docentes y auxiliares bajo derechos estatutarios\u201d, \u201cconectividad gratuita y entrega de dispositivos para docentes y estudiantes\u201d, \u201cuniversalizaci\u00f3n del SAE\u201d y \u201caumento de emergencia del presupuesto educativo\u201d.<\/p>\n","protected":false},"excerpt":{"rendered":"<p>La agrupaci\u00f3n sindical Tribuna Docente rechaz\u00f3 \u201cla propuesta salarial a la baja\u201d y se manifest\u00f3 \u201ccontra la presencialidad sin condiciones\u201d.<\/p>\n","protected":false},"author":4,"featured_media":14945,"comment_status":"closed","ping_status":"closed","sticky":false,"template":"","format":"standard","meta":{"_jetpack_memberships_contains_paid_content":false,"footnotes":""},"categories":[5,1],"tags":[],"class_list":["post-14944","post","type-post","status-publish","format-standard","has-post-thumbnail","hentry","category-informacion-general","category-portada"],"jetpack_featured_media_url":"https:\/\/i0.wp.com\/cdnoticias.com\/wp-content\/uploads\/2021\/02\/docente-Flyer-paro-1-y2.jpg?fit=800%2C445&ssl=1","jetpack_sharing_enabled":true,"_links":{"self":[{"href":"https:\/\/cdnoticias.com\/index.php\/wp-json\/wp\/v2\/posts\/14944","targetHints":{"allow":["GET"]}}],"collection":[{"href":"https:\/\/cdnoticias.com\/index.php\/wp-json\/wp\/v2\/posts"}],"about":[{"href":"https:\/\/cdnoticias.com\/index.php\/wp-json\/wp\/v2\/types\/post"}],"author":[{"embeddable":true,"href":"https:\/\/cdnoticias.com\/index.php\/wp-json\/wp\/v2\/users\/4"}],"replies":[{"embeddable":true,"href":"https:\/\/cdnoticias.com\/index.php\/wp-json\/wp\/v2\/comments?post=14944"}],"version-history":[{"count":0,"href":"https:\/\/cdnoticias.com\/index.php\/wp-json\/wp\/v2\/posts\/14944\/revisions"}],"wp:featuredmedia":[{"embeddable":true,"href":"https:\/\/cdnoticias.com\/index.php\/wp-json\/wp\/v2\/media\/14945"}],"wp:attachment":[{"href":"https:\/\/cdnoticias.com\/index.php\/wp-json\/wp\/v2\/media?parent=14944"}],"wp:term":[{"taxonomy":"category","embeddable":true,"href":"https:\/\/cdnoticias.com\/index.php\/wp-json\/wp\/v2\/categories?post=14944"},{"taxonomy":"post_tag","embeddable":true,"href":"https:\/\/cdnoticias.com\/index.php\/wp-json\/wp\/v2\/tags?post=14944"}],"curies":[{"name":"wp","href":"https:\/\/api.w.org\/{rel}","templated":true}]}}