{"id":149411,"date":"2022-06-21T18:34:13","date_gmt":"2022-06-21T21:34:13","guid":{"rendered":"http:\/\/centraldeportes.com.ar\/?p=18228"},"modified":"2022-06-21T18:34:13","modified_gmt":"2022-06-21T21:34:13","slug":"futbolistas-fortineros-a-prueba-en-la-academia-mascherano","status":"publish","type":"post","link":"https:\/\/cdnoticias.com\/index.php\/2022\/06\/21\/futbolistas-fortineros-a-prueba-en-la-academia-mascherano\/","title":{"rendered":"Futbolistas \u201cFortineros\u201d a prueba en la Academia Mascherano"},"content":{"rendered":"<p>Dos futbolistas de El Fort\u00edn se encuentran a prueba en la Academia Mascherano.<!--more--><\/p>\n<hr \/>\n<p>Leonel Barreto y Lionel Bustamante iniciaron este martes su semana de pruebas en la Academia Mascherano ubicada en Lincoln.<\/p>\n<p>&nbsp;<\/p>\n<p>Los deportistas \u201cFortineros\u201d nacidos en 2007 completar\u00e1n las actividades compartiendo los entrenamientos con su categor\u00eda y ante la mirada del Departamento de Captaci\u00f3n de la entidad fundada por el ex futbolista de la Selecci\u00f3n Argentina.<\/p>\n","protected":false},"excerpt":{"rendered":"<p>Dos futbolistas de El Fort\u00edn se encuentran a prueba en la Academia Mascherano.<\/p>\n","protected":false},"author":96739694,"featured_media":149412,"comment_status":"closed","ping_status":"closed","sticky":false,"template":"","format":"standard","meta":{"_jetpack_memberships_contains_paid_content":false,"footnotes":""},"categories":[35,40,1],"tags":[],"class_list":["post-149411","post","type-post","status-publish","format-standard","has-post-thumbnail","hentry","category-futbol","category-inferiores","category-portada"],"jetpack_featured_media_url":"https:\/\/i0.wp.com\/cdnoticias.com\/wp-content\/uploads\/2022\/06\/287978063_422415996560273_3530101177631140041_n-e1655847231354.jpg?fit=779%2C600&ssl=1","jetpack_sharing_enabled":true,"_links":{"self":[{"href":"https:\/\/cdnoticias.com\/index.php\/wp-json\/wp\/v2\/posts\/149411","targetHints":{"allow":["GET"]}}],"collection":[{"href":"https:\/\/cdnoticias.com\/index.php\/wp-json\/wp\/v2\/posts"}],"about":[{"href":"https:\/\/cdnoticias.com\/index.php\/wp-json\/wp\/v2\/types\/post"}],"author":[{"embeddable":true,"href":"https:\/\/cdnoticias.com\/index.php\/wp-json\/wp\/v2\/users\/96739694"}],"replies":[{"embeddable":true,"href":"https:\/\/cdnoticias.com\/index.php\/wp-json\/wp\/v2\/comments?post=149411"}],"version-history":[{"count":0,"href":"https:\/\/cdnoticias.com\/index.php\/wp-json\/wp\/v2\/posts\/149411\/revisions"}],"wp:featuredmedia":[{"embeddable":true,"href":"https:\/\/cdnoticias.com\/index.php\/wp-json\/wp\/v2\/media\/149412"}],"wp:attachment":[{"href":"https:\/\/cdnoticias.com\/index.php\/wp-json\/wp\/v2\/media?parent=149411"}],"wp:term":[{"taxonomy":"category","embeddable":true,"href":"https:\/\/cdnoticias.com\/index.php\/wp-json\/wp\/v2\/categories?post=149411"},{"taxonomy":"post_tag","embeddable":true,"href":"https:\/\/cdnoticias.com\/index.php\/wp-json\/wp\/v2\/tags?post=149411"}],"curies":[{"name":"wp","href":"https:\/\/api.w.org\/{rel}","templated":true}]}}