{"id":149401,"date":"2022-06-21T18:48:47","date_gmt":"2022-06-21T21:48:47","guid":{"rendered":"http:\/\/centraldeportes.com.ar\/?p=18230"},"modified":"2022-06-21T18:48:47","modified_gmt":"2022-06-21T21:48:47","slug":"jose-luis-vivas-este-campeonato-significa-mucho-para-el-equipo","status":"publish","type":"post","link":"https:\/\/cdnoticias.com\/index.php\/2022\/06\/21\/jose-luis-vivas-este-campeonato-significa-mucho-para-el-equipo\/","title":{"rendered":"Jos\u00e9 Luis Vivas: \u201cEste campeonato significa mucho para el equipo\u201d"},"content":{"rendered":"<p>Sostuvo el capit\u00e1n de Ferro luego de la consagraci\u00f3n del \u201ccarbonero\u201d como campe\u00f3n absoluto del f\u00fatbol olavarriense.<!--more--><\/p>\n<hr \/>\n<p>La final anual del Torneo \u201cNorberto Desanzo\u201d celebrada el pasado domingo tuvo como gran protagonista a <strong>Ferro<\/strong>, que<strong> festej\u00f3 luego de vencer 2 a 0 a Racing en el \u201cBuglione Martinese\u201d con un doblete de Quimey Mar\u00edn<\/strong>. Luego del pitido final del \u00e1rbitro y en medio de los festejos, <strong>Jos\u00e9 Luis Vivas, capit\u00e1n y \u201ccarbonero\u201d de ley, se tom\u00f3 unos minutos para hablar con la prensa.<\/strong><\/p>\n<p>&nbsp;<\/p>\n<p>\u201c<em>Fue un partido duro como sab\u00edamos que iba pasar, en las finales el que se equivoca menos se lleva el partido, por suerte se nos dio a nosotros que <strong>acertamos en los momentos que hab\u00eda que acertar<\/strong>\u201d, <\/em>comenz\u00f3 declarando el volante.<\/p>\n<p>&nbsp;<\/p>\n<p>Posteriormente continu\u00f3 con el an\u00e1lisis y expreso:<em> \u201cT\u00e1cticamente intentamos hacer lo mejor posible, <strong>Racing es uno de los equipos que m\u00e1s respetamos<\/strong> y calculo que deben pensar lo mismo de nosotros\u201d, <\/em>explic\u00f3 en un primer momento y luego agreg\u00f3: <em>\u201c<strong>Creo ganamos bien el partido, en la cancha y ahora queda disfrutar<\/strong>\u201d.<\/em><\/p>\n<p>&nbsp;<\/p>\n<blockquote><p><em>\u201cHace 14 a\u00f1os a esta altura del a\u00f1o est\u00e1bamos jugando una final, all\u00e1 por el 2008, as\u00ed que estamos orgullosos con \u201cPocho\u201d \u2013 Gargaglione \u2013\u00a0 de ser parte de este grupo y estar festejando de nuevo en esta cancha\u201d, <\/em>record\u00f3 el capit\u00e1n del \u201ccarbonero\u201d.<\/p><\/blockquote>\n<p>&nbsp;<\/p>\n<p><img data-recalc-dims=\"1\" loading=\"lazy\" decoding=\"async\" class=\"aligncenter size-full wp-image-18150\" src=\"https:\/\/i0.wp.com\/centraldeportes.com.ar\/wp-content\/uploads\/2022\/06\/ferro-festejo-premiacion_7.jpg?resize=800%2C533\" alt=\"\" width=\"800\" height=\"533\" \/><\/p>\n<p>&nbsp;<\/p>\n<p>Sobre el t\u00edtulo obtenido, \u201cCabe\u201d Vivas recalc\u00f3: <em>\u201c<strong>Este campeonato significa mucho para el equipo por todo el esfuerzo, la Liga es dura, dif\u00edcil, no es f\u00e1cil estar en una final y menos ganarla<\/strong>\u201d.<\/em><\/p>\n<p>&nbsp;<\/p>\n<p>\u201c<em><strong>Tuvimos la oportunidad de jugar esta final\u00a0 fruto del trabajo duro que hicimos en su momento con C\u00e9sar Arb\u00edo, Pablo Burghini, Fabricio Torres, donde ganamos el Apertura<\/strong>\u201d<\/em>, coment\u00f3 el jugador de Ferro y para finalizar acot\u00f3: \u201c<em>Nunca bajamos los brazos, nos toc\u00f3 perder la otra vez con Racing y ahora nos toca festejar\u201d.<\/em><\/p>\n<p><em>\u00a0<\/em><\/p>\n<figure id=\"attachment_18149\" aria-describedby=\"caption-attachment-18149\" style=\"width: 1280px\" class=\"wp-caption aligncenter\"><img data-recalc-dims=\"1\" loading=\"lazy\" decoding=\"async\" class=\"wp-image-18149 size-full\" src=\"https:\/\/i0.wp.com\/centraldeportes.com.ar\/wp-content\/uploads\/2022\/06\/ferro-festejo-premiacion_6.jpg?resize=800%2C533\" alt=\"\" width=\"800\" height=\"533\" \/><figcaption id=\"caption-attachment-18149\" class=\"wp-caption-text\">Quimey Mar\u00edn recibiendo el premio a -Mejor Jugador- por parte del Intendente Ezequiel Galli.<\/figcaption><\/figure>\n<p>&nbsp;<\/p>\n<p>Otro de los protagonistas que tom\u00f3 la palabra luego del partido fue la figura de la final, Quimey Mar\u00edn: <em>\u201c<strong>Hicimos un sacrificio enorme a lo largo del a\u00f1o<\/strong>\u201d<\/em>, comenz\u00f3 diciendo y luego agreg\u00f3: \u201c<em>Sab\u00edamos que iba ser un partido dur\u00edsimo, Racing tiene un gran equipo, qued\u00f3 demostrado en la final que ganaron ante Embajadores\u201d.<\/em><\/p>\n<p>&nbsp;<\/p>\n<blockquote><p><em>\u201c<strong>Ganar estas finales sirven para llegar enfocados al objetivo principal que es el Regional<\/strong>\u201d, <\/em>sentenci\u00f3 el delantero.<\/p><\/blockquote>\n<p>&nbsp;<\/p>\n<p><em>\u201c<strong>Este t\u00edtulo es un premio, vengo haciendo un esfuerzo muy grande y creo que el club se merec\u00eda un t\u00edtulo por todo el sacrificio que hacen por nosotros<\/strong>\u201d, <\/em>cerr\u00f3 el autor de los dos goles frente al \u201cchaira\u201d.<\/p>\n","protected":false},"excerpt":{"rendered":"<p>Sostuvo el capit\u00e1n de Ferro luego de la consagraci\u00f3n del \u201ccarbonero\u201d como campe\u00f3n absoluto del f\u00fatbol olavarriense.<\/p>\n","protected":false},"author":96739694,"featured_media":149404,"comment_status":"closed","ping_status":"closed","sticky":false,"template":"","format":"standard","meta":{"_jetpack_memberships_contains_paid_content":false,"footnotes":""},"categories":[35,1,41],"tags":[],"class_list":["post-149401","post","type-post","status-publish","format-standard","has-post-thumbnail","hentry","category-futbol","category-portada","category-primera-y-reserva"],"jetpack_featured_media_url":"https:\/\/i0.wp.com\/cdnoticias.com\/wp-content\/uploads\/2022\/06\/ferro-entrevista.jpg?fit=1280%2C853&ssl=1","jetpack_sharing_enabled":true,"_links":{"self":[{"href":"https:\/\/cdnoticias.com\/index.php\/wp-json\/wp\/v2\/posts\/149401","targetHints":{"allow":["GET"]}}],"collection":[{"href":"https:\/\/cdnoticias.com\/index.php\/wp-json\/wp\/v2\/posts"}],"about":[{"href":"https:\/\/cdnoticias.com\/index.php\/wp-json\/wp\/v2\/types\/post"}],"author":[{"embeddable":true,"href":"https:\/\/cdnoticias.com\/index.php\/wp-json\/wp\/v2\/users\/96739694"}],"replies":[{"embeddable":true,"href":"https:\/\/cdnoticias.com\/index.php\/wp-json\/wp\/v2\/comments?post=149401"}],"version-history":[{"count":0,"href":"https:\/\/cdnoticias.com\/index.php\/wp-json\/wp\/v2\/posts\/149401\/revisions"}],"wp:featuredmedia":[{"embeddable":true,"href":"https:\/\/cdnoticias.com\/index.php\/wp-json\/wp\/v2\/media\/149404"}],"wp:attachment":[{"href":"https:\/\/cdnoticias.com\/index.php\/wp-json\/wp\/v2\/media?parent=149401"}],"wp:term":[{"taxonomy":"category","embeddable":true,"href":"https:\/\/cdnoticias.com\/index.php\/wp-json\/wp\/v2\/categories?post=149401"},{"taxonomy":"post_tag","embeddable":true,"href":"https:\/\/cdnoticias.com\/index.php\/wp-json\/wp\/v2\/tags?post=149401"}],"curies":[{"name":"wp","href":"https:\/\/api.w.org\/{rel}","templated":true}]}}