{"id":14940,"date":"2021-02-28T11:54:41","date_gmt":"2021-02-28T14:54:41","guid":{"rendered":"http:\/\/www.centraldenoticias.com.ar\/?p=14940"},"modified":"2021-02-28T11:54:41","modified_gmt":"2021-02-28T14:54:41","slug":"expusieron-el-escrache-al-local-de-la-campora-en-olavarria","status":"publish","type":"post","link":"https:\/\/cdnoticias.com\/index.php\/2021\/02\/28\/expusieron-el-escrache-al-local-de-la-campora-en-olavarria\/","title":{"rendered":"Expusieron el \u201cescrache\u201d al local de La C\u00e1mpora en Olavarr\u00eda"},"content":{"rendered":"<p>Lo comunic\u00f3 el dirigente local, Federico Aguilera, quien cuestion\u00f3 que \u201cfomenta la violencia\u201d. Fue en la tarde del domingo. El apoyo lleg\u00f3 desde sectores adherentes al Frente de Todos.<!--more--><\/p>\n<hr \/>\n<p>En la noche del domingo, <strong>Federico Aguilera expuso el \u201cescrache\u201d al local de La C\u00e1mpora<\/strong> en el centro de Olavarr\u00eda.<\/p>\n<blockquote><p>\u201cHay miles de formas de expresarse, pero considero que esta no es forma de hacerlo, escrachando un local partidario y fomentando a la violencia. Hoy hemos sido testigos una vez mas del accionar de un sector de la sociedad que no puede aceptar a\u00fan el resultado democr\u00e1tico de la \u00faltimas elecciones\u201d expres\u00f3 el dirigente del espacio y tambi\u00e9n funcionario provincial.<\/p><\/blockquote>\n<p>El caso se dio en la tarde del domingo: en el frente del local aparecieron <strong>mensajes con cuestionamientos por las \u201cvacunas vip\u201d y acusaciones contra integrantes del Gobierno Nacional<\/strong>.<\/p>\n<blockquote class=\"twitter-tweet\">\n<p dir=\"ltr\" lang=\"es\">Hay miles de formas de expresarse, pero considero que esta no es forma de hacerlo,escrachando un local partidario y fomentando a la violencia. <a href=\"https:\/\/t.co\/JtHxLJ00Ag\">pic.twitter.com\/JtHxLJ00Ag<\/a><\/p>\n<p>\u2014 Federico Aguilera (@FedericoAguile5) <a href=\"https:\/\/twitter.com\/FedericoAguile5\/status\/1365827391155818498?ref_src=twsrc%5Etfw\">February 28, 2021<\/a><\/p><\/blockquote>\n<p><script async src=\"https:\/\/platform.twitter.com\/widgets.js\" charset=\"utf-8\"><\/script><\/p>\n<p>Tras el pronunciamiento de Aguilera en redes, se expresaron <strong>apoyos a su mensaje y rechazo a este ataque<\/strong> desde distintos dirigentes y agrupaciones pol\u00edticas<strong> adherentes al Frente de Todos<\/strong>.<\/p>\n<p>Entre ellos, se manifest\u00f3 el dirigente de Proyecto Peronista y titular de la Regi\u00f3n Sanitaria, Ramiro Borzi, al igual que la segunda de dicha \u00e1rea, Norma \u00c1lvarez Morello; Movimiento Mayo y el ex concejal del eseverrismo Einar Iguerategui.<\/p>\n<p>El accionar cobr\u00f3 especial peso en el marco de lo sucedido a nivel nacional con mensajes sumamente violentos expuestos en el acto realizado en Capital frente a Casa Rosada desde Juventud Republicana para oponerse a la gesti\u00f3n nacional y con \u00e9nfasis en el \u201cesc\u00e1ndalo de las vacunas vip\u201d.<\/p>\n","protected":false},"excerpt":{"rendered":"<p>Lo comunic\u00f3 el dirigente local, Federico Aguilera, quien cuestion\u00f3 que \u201cfomenta la violencia\u201d. Fue en la tarde del domingo. El<\/p>\n","protected":false},"author":4,"featured_media":14941,"comment_status":"closed","ping_status":"closed","sticky":false,"template":"","format":"standard","meta":{"_jetpack_memberships_contains_paid_content":false,"footnotes":""},"categories":[4,1],"tags":[],"class_list":["post-14940","post","type-post","status-publish","format-standard","has-post-thumbnail","hentry","category-politica","category-portada"],"jetpack_featured_media_url":"https:\/\/i0.wp.com\/cdnoticias.com\/wp-content\/uploads\/2021\/02\/aguilera-local-campora.jpg?fit=1280%2C960&ssl=1","jetpack_sharing_enabled":true,"_links":{"self":[{"href":"https:\/\/cdnoticias.com\/index.php\/wp-json\/wp\/v2\/posts\/14940","targetHints":{"allow":["GET"]}}],"collection":[{"href":"https:\/\/cdnoticias.com\/index.php\/wp-json\/wp\/v2\/posts"}],"about":[{"href":"https:\/\/cdnoticias.com\/index.php\/wp-json\/wp\/v2\/types\/post"}],"author":[{"embeddable":true,"href":"https:\/\/cdnoticias.com\/index.php\/wp-json\/wp\/v2\/users\/4"}],"replies":[{"embeddable":true,"href":"https:\/\/cdnoticias.com\/index.php\/wp-json\/wp\/v2\/comments?post=14940"}],"version-history":[{"count":0,"href":"https:\/\/cdnoticias.com\/index.php\/wp-json\/wp\/v2\/posts\/14940\/revisions"}],"wp:featuredmedia":[{"embeddable":true,"href":"https:\/\/cdnoticias.com\/index.php\/wp-json\/wp\/v2\/media\/14941"}],"wp:attachment":[{"href":"https:\/\/cdnoticias.com\/index.php\/wp-json\/wp\/v2\/media?parent=14940"}],"wp:term":[{"taxonomy":"category","embeddable":true,"href":"https:\/\/cdnoticias.com\/index.php\/wp-json\/wp\/v2\/categories?post=14940"},{"taxonomy":"post_tag","embeddable":true,"href":"https:\/\/cdnoticias.com\/index.php\/wp-json\/wp\/v2\/tags?post=14940"}],"curies":[{"name":"wp","href":"https:\/\/api.w.org\/{rel}","templated":true}]}}