{"id":149392,"date":"2022-06-21T20:16:30","date_gmt":"2022-06-21T23:16:30","guid":{"rendered":"http:\/\/centraldeportes.com.ar\/?p=18245"},"modified":"2022-06-21T20:16:30","modified_gmt":"2022-06-21T23:16:30","slug":"federico-chingotto-y-juan-tello-debutaron-con-triunfo","status":"publish","type":"post","link":"https:\/\/cdnoticias.com\/index.php\/2022\/06\/21\/federico-chingotto-y-juan-tello-debutaron-con-triunfo\/","title":{"rendered":"Federico Chingotto y Juan Tello debutaron con triunfo"},"content":{"rendered":"<p>Este martes inici\u00f3 el M\u00e1ster de Valladolid organizado por el World P\u00e1del Tour y fue victoria de Federico Chingotto y Juan Tello ante Javier Leal y Javier Rico Dasi.<!--more--><\/p>\n<hr \/>\n<p>Chingotto y Tello derrotaron a Leal y Rico Dasi por 6\/3 3\/6 y 6\/4 en los Dieciseisavos de Final del segundo M\u00e1ster de la temporada.<\/p>\n<p>&nbsp;<\/p>\n<p>El olavarriense y el cordob\u00e9s volver\u00e1n a presentarse en la Plaza Mayor donde enfrentar\u00e1n a Eduardo Alonso y Jorge Ruiz Guti\u00e9rrez en la instancia de Octavos de Final.<\/p>\n<p><strong>\u00a0<\/strong><\/p>\n<p>&nbsp;<\/p>\n","protected":false},"excerpt":{"rendered":"<p>Este martes inici\u00f3 el M\u00e1ster de Valladolid organizado por el World P\u00e1del Tour y fue victoria de Federico Chingotto y<\/p>\n","protected":false},"author":96739694,"featured_media":149393,"comment_status":"closed","ping_status":"closed","sticky":false,"template":"","format":"standard","meta":{"_jetpack_memberships_contains_paid_content":false,"footnotes":""},"categories":[30,1],"tags":[],"class_list":["post-149392","post","type-post","status-publish","format-standard","has-post-thumbnail","hentry","category-polideportivo","category-portada"],"jetpack_featured_media_url":"https:\/\/i0.wp.com\/cdnoticias.com\/wp-content\/uploads\/2022\/06\/FVzYMILXwAAUMdb.jpg?fit=2048%2C1150&ssl=1","jetpack_sharing_enabled":true,"_links":{"self":[{"href":"https:\/\/cdnoticias.com\/index.php\/wp-json\/wp\/v2\/posts\/149392","targetHints":{"allow":["GET"]}}],"collection":[{"href":"https:\/\/cdnoticias.com\/index.php\/wp-json\/wp\/v2\/posts"}],"about":[{"href":"https:\/\/cdnoticias.com\/index.php\/wp-json\/wp\/v2\/types\/post"}],"author":[{"embeddable":true,"href":"https:\/\/cdnoticias.com\/index.php\/wp-json\/wp\/v2\/users\/96739694"}],"replies":[{"embeddable":true,"href":"https:\/\/cdnoticias.com\/index.php\/wp-json\/wp\/v2\/comments?post=149392"}],"version-history":[{"count":0,"href":"https:\/\/cdnoticias.com\/index.php\/wp-json\/wp\/v2\/posts\/149392\/revisions"}],"wp:featuredmedia":[{"embeddable":true,"href":"https:\/\/cdnoticias.com\/index.php\/wp-json\/wp\/v2\/media\/149393"}],"wp:attachment":[{"href":"https:\/\/cdnoticias.com\/index.php\/wp-json\/wp\/v2\/media?parent=149392"}],"wp:term":[{"taxonomy":"category","embeddable":true,"href":"https:\/\/cdnoticias.com\/index.php\/wp-json\/wp\/v2\/categories?post=149392"},{"taxonomy":"post_tag","embeddable":true,"href":"https:\/\/cdnoticias.com\/index.php\/wp-json\/wp\/v2\/tags?post=149392"}],"curies":[{"name":"wp","href":"https:\/\/api.w.org\/{rel}","templated":true}]}}