{"id":149366,"date":"2022-09-23T14:56:19","date_gmt":"2022-09-23T17:56:19","guid":{"rendered":"http:\/\/centraldeportes.com.ar\/?p=23531"},"modified":"2022-09-23T14:56:19","modified_gmt":"2022-09-23T17:56:19","slug":"una-subcampeona-del-mundo-visito-el-parque-carlos-guerrero","status":"publish","type":"post","link":"https:\/\/cdnoticias.com\/index.php\/2022\/09\/23\/una-subcampeona-del-mundo-visito-el-parque-carlos-guerrero\/","title":{"rendered":"Una subcampeona del mundo visit\u00f3 el Parque Carlos Guerrero"},"content":{"rendered":"<p>Victoria D\u00f3mina, quien recientemente <a href=\"https:\/\/cdnoticias.com\/victoria-domina-subcampeona-del-mundo\/\">se consagr\u00f3 subcampeona del mundo<\/a> en la categor\u00eda +40 del ITF World Individual Championship que se realiz\u00f3 en Lisboa, Portugal, visit\u00f3 el Club Atl\u00e9tico Estudiantes y fue agasajada con un presente por parte de la secci\u00f3n de tenis de la instituci\u00f3n.<\/p>\n<p><!--more--><\/p>\n<hr \/>\n<p>La tenista olavarriense lleg\u00f3 esta tarde a las canchas de tenis de Estudiantes en donde recibi\u00f3 un presente que fue entregado por Agustina Tar\u00e1ntola y Francisco Correa Igui\u00f1iz, dos de las promesas que tiene el tenis \u201cbataraz\u201d. Adem\u00e1s, aprovech\u00f3 la oportunidad para conversar con Agustina y Francisco sobre su presente en el tenis, sus sue\u00f1os y referentes deportivos.<\/p>\n<p>&nbsp;<\/p>\n<p>Tambi\u00e9n se fotografi\u00f3 con los ni\u00f1os y ni\u00f1as de escuelita y se la vio feliz reencontr\u00e1ndose con compa\u00f1eros y profesores que la acompa\u00f1aron en alg\u00fan momento de su recorrido como deportista.<\/p>\n<p>&nbsp;<\/p>\n<p>Victoria D\u00f3mina, se inici\u00f3 de muy peque\u00f1a en el tenis de Estudiantes, pas\u00f3 por Racing y actualmente, con 41 a\u00f1os, reside en Buenos Aires y juega para el club GEBA.<\/p>\n","protected":false},"excerpt":{"rendered":"<p>Victoria D\u00f3mina, quien recientemente se consagr\u00f3 subcampeona del mundo en la categor\u00eda +40 del ITF World Individual Championship que se<\/p>\n","protected":false},"author":96739694,"featured_media":149367,"comment_status":"closed","ping_status":"closed","sticky":false,"template":"","format":"standard","meta":{"_jetpack_memberships_contains_paid_content":false,"footnotes":""},"categories":[30,1],"tags":[],"class_list":["post-149366","post","type-post","status-publish","format-standard","has-post-thumbnail","hentry","category-polideportivo","category-portada"],"jetpack_featured_media_url":"https:\/\/i0.wp.com\/cdnoticias.com\/wp-content\/uploads\/2022\/09\/domina.png?fit=800%2C445&ssl=1","jetpack_sharing_enabled":true,"_links":{"self":[{"href":"https:\/\/cdnoticias.com\/index.php\/wp-json\/wp\/v2\/posts\/149366","targetHints":{"allow":["GET"]}}],"collection":[{"href":"https:\/\/cdnoticias.com\/index.php\/wp-json\/wp\/v2\/posts"}],"about":[{"href":"https:\/\/cdnoticias.com\/index.php\/wp-json\/wp\/v2\/types\/post"}],"author":[{"embeddable":true,"href":"https:\/\/cdnoticias.com\/index.php\/wp-json\/wp\/v2\/users\/96739694"}],"replies":[{"embeddable":true,"href":"https:\/\/cdnoticias.com\/index.php\/wp-json\/wp\/v2\/comments?post=149366"}],"version-history":[{"count":0,"href":"https:\/\/cdnoticias.com\/index.php\/wp-json\/wp\/v2\/posts\/149366\/revisions"}],"wp:featuredmedia":[{"embeddable":true,"href":"https:\/\/cdnoticias.com\/index.php\/wp-json\/wp\/v2\/media\/149367"}],"wp:attachment":[{"href":"https:\/\/cdnoticias.com\/index.php\/wp-json\/wp\/v2\/media?parent=149366"}],"wp:term":[{"taxonomy":"category","embeddable":true,"href":"https:\/\/cdnoticias.com\/index.php\/wp-json\/wp\/v2\/categories?post=149366"},{"taxonomy":"post_tag","embeddable":true,"href":"https:\/\/cdnoticias.com\/index.php\/wp-json\/wp\/v2\/tags?post=149366"}],"curies":[{"name":"wp","href":"https:\/\/api.w.org\/{rel}","templated":true}]}}