{"id":149351,"date":"2022-06-20T23:12:44","date_gmt":"2022-06-21T02:12:44","guid":{"rendered":"http:\/\/centraldeportes.com.ar\/?p=18201"},"modified":"2022-06-20T23:12:44","modified_gmt":"2022-06-21T02:12:44","slug":"el-memorial-cristian-gaston-vola-tuvo-un-ganador-distinto-en-cada-categoria","status":"publish","type":"post","link":"https:\/\/cdnoticias.com\/index.php\/2022\/06\/20\/el-memorial-cristian-gaston-vola-tuvo-un-ganador-distinto-en-cada-categoria\/","title":{"rendered":"El \u201cMemorial Cristian Gast\u00f3n Vola\u201d tuvo un ganador distinto en cada categor\u00eda"},"content":{"rendered":"<p>Loma Negra y San Mart\u00edn se enfrentaron este lunes en Primera Divisi\u00f3n y Reserva y pusieron en juego el \u201cMemorial Cristian Gast\u00f3n Vola\u201d que tuvo un festejo por cada lado. El \u201cCeleste\u201d se impuso en Primera Divisi\u00f3n.<!--more--><\/p>\n<hr \/>\n<p>En el estadio de Villa Alfredo Fortabat, se jug\u00f3 amistosamente el cl\u00e1sico serrano y la jornada la abrieron en la divisi\u00f3n Reserva donde fue triunfo de San Mart\u00edn ante el local por 5 a 3 en los penales tras la igualdad en el tiempo regular.<\/p>\n<p>&nbsp;<\/p>\n<p>Para cerrar, el \u201cCeleste\u201d se impuso 2 a 0 al \u201cLe\u00f3n Serrano\u201d con goles de Bernardo Befumo y Ra\u00fal Tortorella.<\/p>\n<p>&nbsp;<\/p>\n<p>Ambos elencos se preparan para iniciar, en el mes de julio, la competencia oficial organizada por la Liga de F\u00fatbol de Olavarr\u00eda.<\/p>\n","protected":false},"excerpt":{"rendered":"<p>Loma Negra y San Mart\u00edn se enfrentaron este lunes en Primera Divisi\u00f3n y Reserva y pusieron en juego el \u201cMemorial<\/p>\n","protected":false},"author":96739694,"featured_media":149352,"comment_status":"closed","ping_status":"closed","sticky":false,"template":"","format":"standard","meta":{"_jetpack_memberships_contains_paid_content":false,"footnotes":""},"categories":[35,1,41],"tags":[],"class_list":["post-149351","post","type-post","status-publish","format-standard","has-post-thumbnail","hentry","category-futbol","category-portada","category-primera-y-reserva"],"jetpack_featured_media_url":"https:\/\/i0.wp.com\/cdnoticias.com\/wp-content\/uploads\/2022\/06\/WhatsApp-Image-2022-06-20-at-7.25.50-PM.jpeg?fit=1280%2C851&ssl=1","jetpack_sharing_enabled":true,"_links":{"self":[{"href":"https:\/\/cdnoticias.com\/index.php\/wp-json\/wp\/v2\/posts\/149351","targetHints":{"allow":["GET"]}}],"collection":[{"href":"https:\/\/cdnoticias.com\/index.php\/wp-json\/wp\/v2\/posts"}],"about":[{"href":"https:\/\/cdnoticias.com\/index.php\/wp-json\/wp\/v2\/types\/post"}],"author":[{"embeddable":true,"href":"https:\/\/cdnoticias.com\/index.php\/wp-json\/wp\/v2\/users\/96739694"}],"replies":[{"embeddable":true,"href":"https:\/\/cdnoticias.com\/index.php\/wp-json\/wp\/v2\/comments?post=149351"}],"version-history":[{"count":0,"href":"https:\/\/cdnoticias.com\/index.php\/wp-json\/wp\/v2\/posts\/149351\/revisions"}],"wp:featuredmedia":[{"embeddable":true,"href":"https:\/\/cdnoticias.com\/index.php\/wp-json\/wp\/v2\/media\/149352"}],"wp:attachment":[{"href":"https:\/\/cdnoticias.com\/index.php\/wp-json\/wp\/v2\/media?parent=149351"}],"wp:term":[{"taxonomy":"category","embeddable":true,"href":"https:\/\/cdnoticias.com\/index.php\/wp-json\/wp\/v2\/categories?post=149351"},{"taxonomy":"post_tag","embeddable":true,"href":"https:\/\/cdnoticias.com\/index.php\/wp-json\/wp\/v2\/tags?post=149351"}],"curies":[{"name":"wp","href":"https:\/\/api.w.org\/{rel}","templated":true}]}}