{"id":149330,"date":"2022-09-23T20:07:36","date_gmt":"2022-09-23T23:07:36","guid":{"rendered":"http:\/\/centraldeportes.com.ar\/?p=23546"},"modified":"2022-09-23T20:07:36","modified_gmt":"2022-09-23T23:07:36","slug":"sierra-chica-tiene-ropa-nueva-y-la-presento-en-sociedad","status":"publish","type":"post","link":"https:\/\/cdnoticias.com\/index.php\/2022\/09\/23\/sierra-chica-tiene-ropa-nueva-y-la-presento-en-sociedad\/","title":{"rendered":"Sierra Chica tiene ropa nueva y la present\u00f3 en sociedad"},"content":{"rendered":"<p>El f\u00fatbol de Sierra Chica tiene nueva indumentaria y fue presentada en el transcurso de la semana.<!--more--><\/p>\n<hr \/>\n<p>La entidad presidida por Juan Billegas present\u00f3 recientemente la ropa que usar\u00e1n desde el pr\u00f3ximo s\u00e1bado las cuatro categor\u00edas de divisiones inferiores, la Reserva y la Primera Divisi\u00f3n.<\/p>\n<p>&nbsp;<\/p>\n<p>Con un cambio de dise\u00f1o, pero con los colores tradicionales, la instituci\u00f3n de la capital del granito rojo estrenar\u00e1 los conjuntos nada m\u00e1s ni nada menos que en el Pedro Iriart Legorburu frente a Hinojo en otra edici\u00f3n del cl\u00e1sico formativo en el transcurso del s\u00e1bado.<\/p>\n<p>&nbsp;<\/p>\n<p>En la sede del Club se realiz\u00f3 la presentaci\u00f3n donde los futbolistas se presentaron con la nueva ropa.<\/p>\n","protected":false},"excerpt":{"rendered":"<p>El f\u00fatbol de Sierra Chica tiene nueva indumentaria y fue presentada en el transcurso de la semana.<\/p>\n","protected":false},"author":96739694,"featured_media":149331,"comment_status":"closed","ping_status":"closed","sticky":false,"template":"","format":"standard","meta":{"_jetpack_memberships_contains_paid_content":false,"footnotes":""},"categories":[35,40,1,41],"tags":[],"class_list":["post-149330","post","type-post","status-publish","format-standard","has-post-thumbnail","hentry","category-futbol","category-inferiores","category-portada","category-primera-y-reserva"],"jetpack_featured_media_url":"https:\/\/i0.wp.com\/cdnoticias.com\/wp-content\/uploads\/2022\/09\/WhatsApp-Image-2022-09-23-at-20.05.52-e1663974445724.jpeg?fit=883%2C563&ssl=1","jetpack_sharing_enabled":true,"_links":{"self":[{"href":"https:\/\/cdnoticias.com\/index.php\/wp-json\/wp\/v2\/posts\/149330","targetHints":{"allow":["GET"]}}],"collection":[{"href":"https:\/\/cdnoticias.com\/index.php\/wp-json\/wp\/v2\/posts"}],"about":[{"href":"https:\/\/cdnoticias.com\/index.php\/wp-json\/wp\/v2\/types\/post"}],"author":[{"embeddable":true,"href":"https:\/\/cdnoticias.com\/index.php\/wp-json\/wp\/v2\/users\/96739694"}],"replies":[{"embeddable":true,"href":"https:\/\/cdnoticias.com\/index.php\/wp-json\/wp\/v2\/comments?post=149330"}],"version-history":[{"count":0,"href":"https:\/\/cdnoticias.com\/index.php\/wp-json\/wp\/v2\/posts\/149330\/revisions"}],"wp:featuredmedia":[{"embeddable":true,"href":"https:\/\/cdnoticias.com\/index.php\/wp-json\/wp\/v2\/media\/149331"}],"wp:attachment":[{"href":"https:\/\/cdnoticias.com\/index.php\/wp-json\/wp\/v2\/media?parent=149330"}],"wp:term":[{"taxonomy":"category","embeddable":true,"href":"https:\/\/cdnoticias.com\/index.php\/wp-json\/wp\/v2\/categories?post=149330"},{"taxonomy":"post_tag","embeddable":true,"href":"https:\/\/cdnoticias.com\/index.php\/wp-json\/wp\/v2\/tags?post=149330"}],"curies":[{"name":"wp","href":"https:\/\/api.w.org\/{rel}","templated":true}]}}