{"id":149328,"date":"2022-06-21T15:18:05","date_gmt":"2022-06-21T18:18:05","guid":{"rendered":"http:\/\/centraldeportes.com.ar\/?p=18218"},"modified":"2022-06-21T15:18:05","modified_gmt":"2022-06-21T18:18:05","slug":"agustina-tarantola-convocada-por-la-aat","status":"publish","type":"post","link":"https:\/\/cdnoticias.com\/index.php\/2022\/06\/21\/agustina-tarantola-convocada-por-la-aat\/","title":{"rendered":"Agustina Tar\u00e1ntola convocada por la AAT"},"content":{"rendered":"<p>En las \u00faltimas horas, la peque\u00f1a jugadora de Estudiantes y con gran proyecci\u00f3n recibi\u00f3 la novedad de ser citada por la Asociaci\u00f3n Argentina de Tenis.<\/p>\n<p><!--more--><\/p>\n<hr \/>\n<p>Agustina Tar\u00e1ntola entrenar\u00e1 entre jueves y viernes de un campus junto al equipo Nacional Sub12 que va a participar en el Campeonato Sudamericano que tendr\u00e1 lugar en Uruguay.<\/p>\n<p>&nbsp;<\/p>\n<p>Las actividades organizadas por la Asociaci\u00f3n Argentina de Tenis se llevar\u00e1n a cabo en Buenos Aires Lawn Tenis.<\/p>\n","protected":false},"excerpt":{"rendered":"<p>En las \u00faltimas horas, la peque\u00f1a jugadora de Estudiantes y con gran proyecci\u00f3n recibi\u00f3 la novedad de ser citada por<\/p>\n","protected":false},"author":96739694,"featured_media":149329,"comment_status":"closed","ping_status":"closed","sticky":false,"template":"","format":"standard","meta":{"_jetpack_memberships_contains_paid_content":false,"footnotes":""},"categories":[30,1],"tags":[],"class_list":["post-149328","post","type-post","status-publish","format-standard","has-post-thumbnail","hentry","category-polideportivo","category-portada"],"jetpack_featured_media_url":"https:\/\/i0.wp.com\/cdnoticias.com\/wp-content\/uploads\/2022\/06\/tarantola.png?fit=800%2C445&ssl=1","jetpack_sharing_enabled":true,"_links":{"self":[{"href":"https:\/\/cdnoticias.com\/index.php\/wp-json\/wp\/v2\/posts\/149328","targetHints":{"allow":["GET"]}}],"collection":[{"href":"https:\/\/cdnoticias.com\/index.php\/wp-json\/wp\/v2\/posts"}],"about":[{"href":"https:\/\/cdnoticias.com\/index.php\/wp-json\/wp\/v2\/types\/post"}],"author":[{"embeddable":true,"href":"https:\/\/cdnoticias.com\/index.php\/wp-json\/wp\/v2\/users\/96739694"}],"replies":[{"embeddable":true,"href":"https:\/\/cdnoticias.com\/index.php\/wp-json\/wp\/v2\/comments?post=149328"}],"version-history":[{"count":0,"href":"https:\/\/cdnoticias.com\/index.php\/wp-json\/wp\/v2\/posts\/149328\/revisions"}],"wp:featuredmedia":[{"embeddable":true,"href":"https:\/\/cdnoticias.com\/index.php\/wp-json\/wp\/v2\/media\/149329"}],"wp:attachment":[{"href":"https:\/\/cdnoticias.com\/index.php\/wp-json\/wp\/v2\/media?parent=149328"}],"wp:term":[{"taxonomy":"category","embeddable":true,"href":"https:\/\/cdnoticias.com\/index.php\/wp-json\/wp\/v2\/categories?post=149328"},{"taxonomy":"post_tag","embeddable":true,"href":"https:\/\/cdnoticias.com\/index.php\/wp-json\/wp\/v2\/tags?post=149328"}],"curies":[{"name":"wp","href":"https:\/\/api.w.org\/{rel}","templated":true}]}}